{"id":2702,"date":"2011-05-02T10:05:00","date_gmt":"2011-05-02T08:05:00","guid":{"rendered":"http:\/\/www.primariarovinari.ro\/?p=2702"},"modified":"2011-05-02T10:12:11","modified_gmt":"2011-05-02T08:12:11","slug":"zilele-orasului-rovinari-editia-a-xi-a-2011","status":"publish","type":"post","link":"https:\/\/primariarovinari.ro\/old\/2011\/05\/zilele-orasului-rovinari-editia-a-xi-a-2011\/","title":{"rendered":"Zilele Ora\u015fului Rovinari Edi\u0163ia a XI-a 2011"},"content":{"rendered":"<p style=\"text-align: justify;\">Prim\u0103ria \u015fi Consiliul Local Rovinari \u00een colaborare cu Casa de Cultur\u0103 \u015fi Biblioteca Rovinari va organiza \u00een perioada 09 \u2013 15 mai 2011, cea de-a XI-a edi\u0163ie a Zilelor Ora\u015fului Rovinari. Activit\u0103\u0163ile din cadrul manifest\u0103rii cultural-artistice vor avea loc pe Bulevardul Minerilor dup\u0103 urm\u0103torul program:<a href=\"http:\/\/www.primariarovinari.ro\/wp-content\/uploads\/2011\/05\/Rovinari-30-de-ani.jpg\"><img loading=\"lazy\" decoding=\"async\" class=\"alignright size-medium wp-image-2703\" style=\"margin-top: 3px; margin-bottom: 3px;\" title=\"Rovinari 30 de ani\" src=\"http:\/\/www.primariarovinari.ro\/wp-content\/uploads\/2011\/05\/Rovinari-30-de-ani-212x300.jpg\" alt=\"\" width=\"212\" height=\"300\" srcset=\"https:\/\/primariarovinari.ro\/old\/wp-content\/uploads\/2011\/05\/Rovinari-30-de-ani-212x300.jpg 212w, https:\/\/primariarovinari.ro\/old\/wp-content\/uploads\/2011\/05\/Rovinari-30-de-ani-725x1024.jpg 725w, https:\/\/primariarovinari.ro\/old\/wp-content\/uploads\/2011\/05\/Rovinari-30-de-ani.jpg 1024w\" sizes=\"auto, (max-width: 212px) 100vw, 212px\" \/><\/a><\/p>\n<p style=\"text-align: justify;\"><strong>S\u00e2mb\u0103t\u0103 14 mai 2011:<\/strong><br \/>\nOrele 20.00 Program artistic sus\u0163inut de copiii rovin\u0103reni;<br \/>\nOrele 20.30 Program folcloric sus\u0163inut de Clubul Elevilor Rovinari;<br \/>\nOrele 21.00 Program folcloric sus\u0163inut de \u015ecoala Popular\u0103 de Art\u0103;<br \/>\nOrele 21.30 Program artistic \u2013 \u201eTalent Show\u201d;<br \/>\nOrele 22.30 Spectacol muzical \u2013 Narcotic Sound.<strong><\/strong><\/p>\n<p style=\"text-align: justify;\"><strong>Duminic\u0103 15 mai 2011:<\/strong><br \/>\nSimpozion \u201eRovinari 30 ani de existen\u0163\u0103\u201d<br \/>\nOrele 21.00 Spectacol muzical \u2013 Violeta Constantin;<br \/>\nOrele 22.00 Spectacol muzical \u2013 Nicu Paleru;<br \/>\nOrele 23.00 Spectacol muzical \u2013 Babi Minune, urmat de un grandios foc de artificii.<\/p>\n<p style=\"text-align: justify;\">Inform\u0103m agen\u0163ii economici care vor s\u0103 participe la Zilele Ora\u015fului Rovinari c\u0103, pentru a ob\u0163ine spa\u0163iu pe Bulevardul Minerilor trebuie s\u0103 depun\u0103 o cerere la Prim\u0103ria Rovinari \u00een care solicit\u0103 suprafa\u0163a dorit\u0103 \u015fi num\u0103rul de zile. Pre\u0163ul este de 2 lei\/m2\/zi. Unii agen\u0163i economici trebuie s\u0103 ata\u015feze la aceast\u0103 cerere \u015fi autoriza\u0163iile ISCIR.<\/p>\n<p style=\"text-align: center;\"><strong>V\u0103 a\u015ftept\u0103m cu pl\u0103cere al\u0103turi de noi !<\/strong><\/p>\n","protected":false},"excerpt":{"rendered":"<p>Prim\u0103ria \u015fi Consiliul Local Rovinari \u00een colaborare cu Casa de Cultur\u0103 \u015fi Biblioteca Rovinari va organiza \u00een perioada 09 \u2013 15 mai 2011, cea de-a XI-a edi\u0163ie a Zilelor Ora\u015fului Rovinari. Activit\u0103\u0163ile din cadrul manifest\u0103rii cultural-artistice vor avea loc pe Bulevardul Minerilor dup\u0103 urm\u0103torul program: S\u00e2mb\u0103t\u0103 14 mai 2011: Orele 20.00 Program artistic sus\u0163inut de [&hellip;]<\/p>\n","protected":false},"author":1001008,"featured_media":0,"comment_status":"open","ping_status":"open","sticky":false,"template":"","format":"standard","meta":{"ngg_post_thumbnail":0,"footnotes":""},"categories":[3],"tags":[132,188],"class_list":["post-2702","post","type-post","status-publish","format-standard","hentry","category-comunicate-de-presa","tag-spectacol","tag-zilele-orasului"],"_links":{"self":[{"href":"https:\/\/primariarovinari.ro\/old\/wp-json\/wp\/v2\/posts\/2702","targetHints":{"allow":["GET"]}}],"collection":[{"href":"https:\/\/primariarovinari.ro\/old\/wp-json\/wp\/v2\/posts"}],"about":[{"href":"https:\/\/primariarovinari.ro\/old\/wp-json\/wp\/v2\/types\/post"}],"author":[{"embeddable":true,"href":"https:\/\/primariarovinari.ro\/old\/wp-json\/wp\/v2\/users\/1001008"}],"replies":[{"embeddable":true,"href":"https:\/\/primariarovinari.ro\/old\/wp-json\/wp\/v2\/comments?post=2702"}],"version-history":[{"count":0,"href":"https:\/\/primariarovinari.ro\/old\/wp-json\/wp\/v2\/posts\/2702\/revisions"}],"wp:attachment":[{"href":"https:\/\/primariarovinari.ro\/old\/wp-json\/wp\/v2\/media?parent=2702"}],"wp:term":[{"taxonomy":"category","embeddable":true,"href":"https:\/\/primariarovinari.ro\/old\/wp-json\/wp\/v2\/categories?post=2702"},{"taxonomy":"post_tag","embeddable":true,"href":"https:\/\/primariarovinari.ro\/old\/wp-json\/wp\/v2\/tags?post=2702"}],"curies":[{"name":"wp","href":"https:\/\/api.w.org\/{rel}","templated":true}]}}