{"id":2691,"date":"2011-04-27T13:39:14","date_gmt":"2011-04-27T11:39:14","guid":{"rendered":"http:\/\/www.primariarovinari.ro\/?p=2691"},"modified":"2011-04-27T13:40:18","modified_gmt":"2011-04-27T11:40:18","slug":"in-atentia-femeilor-aflate-in-risc-de-excludere-sociala","status":"publish","type":"post","link":"https:\/\/primariarovinari.ro\/old\/2011\/04\/in-atentia-femeilor-aflate-in-risc-de-excludere-sociala\/","title":{"rendered":"\u00cen aten\u0163ia femeilor aflate \u00een risc de excludere social\u0103"},"content":{"rendered":"<p style=\"text-align: justify;\">\u00cen data de 29.04.2011, o echip\u0103 din cadrul Funda\u0163iei\u00a0 Culturale Delta \u00een parteneriat cu Consiliul Jude\u0163ean Gorj, se va\u00a0 prezenta \u00een ora\u015ful Rovinari, la Clubul V\u00e2rstnicilor, ora 16.00 pentru demararea\u00a0 proiectului &#8222;<em>\u015ei noi vrem s\u0103 muncim ! Accesul femeilor pe pia\u0163a muncii&#8221;.<\/em><\/p>\n<p style=\"text-align: justify;\">Grupul \u0163int\u0103 al proiectului \u00eel constituie femeile aflate \u00een risc de excludere social\u0103 \u015fi care se confrunt\u0103 cu discriminarea de gen, discriminarea etnic\u0103 \u015fi pe categorii de v\u00e2rst\u0103.<\/p>\n<p style=\"text-align: justify;\">La acest program sunt invitate s\u0103 participe femeile aflate \u00een risc de excludere social\u0103, av\u00e2nd loc discu\u0163ii cu privire la:<br \/>\n-oferte de programe de calificare\/recalificare, locurile de munc\u0103 disponibile, precum \u015fi alte probleme de natur\u0103 social\u0103 cu care se confrunt\u0103 \u015fi care le pot limita posibilit\u0103\u0163ile de a se realiza profesional;<br \/>\n-consiliere psihologic\u0103 acordat\u0103 de personal de specialitate, etc.;<\/p>\n<p style=\"text-align: center;\">V\u0103 a\u015ftept\u0103m \u00eentr-un num\u0103r c\u00e2t mai mare.<\/p>\n","protected":false},"excerpt":{"rendered":"<p>\u00cen data de 29.04.2011, o echip\u0103 din cadrul Funda\u0163iei\u00a0 Culturale Delta \u00een parteneriat cu Consiliul Jude\u0163ean Gorj, se va\u00a0 prezenta \u00een ora\u015ful Rovinari, la Clubul V\u00e2rstnicilor, ora 16.00 pentru demararea\u00a0 proiectului &#8222;\u015ei noi vrem s\u0103 muncim ! Accesul femeilor pe pia\u0163a muncii&#8221;. Grupul \u0163int\u0103 al proiectului \u00eel constituie femeile aflate \u00een risc de excludere social\u0103 [&hellip;]<\/p>\n","protected":false},"author":1001008,"featured_media":0,"comment_status":"open","ping_status":"open","sticky":false,"template":"","format":"standard","meta":{"ngg_post_thumbnail":0,"footnotes":""},"categories":[8],"tags":[],"class_list":["post-2691","post","type-post","status-publish","format-standard","hentry","category-proiecte"],"_links":{"self":[{"href":"https:\/\/primariarovinari.ro\/old\/wp-json\/wp\/v2\/posts\/2691","targetHints":{"allow":["GET"]}}],"collection":[{"href":"https:\/\/primariarovinari.ro\/old\/wp-json\/wp\/v2\/posts"}],"about":[{"href":"https:\/\/primariarovinari.ro\/old\/wp-json\/wp\/v2\/types\/post"}],"author":[{"embeddable":true,"href":"https:\/\/primariarovinari.ro\/old\/wp-json\/wp\/v2\/users\/1001008"}],"replies":[{"embeddable":true,"href":"https:\/\/primariarovinari.ro\/old\/wp-json\/wp\/v2\/comments?post=2691"}],"version-history":[{"count":0,"href":"https:\/\/primariarovinari.ro\/old\/wp-json\/wp\/v2\/posts\/2691\/revisions"}],"wp:attachment":[{"href":"https:\/\/primariarovinari.ro\/old\/wp-json\/wp\/v2\/media?parent=2691"}],"wp:term":[{"taxonomy":"category","embeddable":true,"href":"https:\/\/primariarovinari.ro\/old\/wp-json\/wp\/v2\/categories?post=2691"},{"taxonomy":"post_tag","embeddable":true,"href":"https:\/\/primariarovinari.ro\/old\/wp-json\/wp\/v2\/tags?post=2691"}],"curies":[{"name":"wp","href":"https:\/\/api.w.org\/{rel}","templated":true}]}}