{"id":2672,"date":"2011-04-27T11:52:44","date_gmt":"2011-04-27T09:52:44","guid":{"rendered":"http:\/\/www.primariarovinari.ro\/?p=2672"},"modified":"2011-04-27T12:08:30","modified_gmt":"2011-04-27T10:08:30","slug":"credinciosii-din-rovinari-au-primit-lumina-sfanta-de-la-ierusalim","status":"publish","type":"post","link":"https:\/\/primariarovinari.ro\/old\/2011\/04\/credinciosii-din-rovinari-au-primit-lumina-sfanta-de-la-ierusalim\/","title":{"rendered":"Credincio\u015fii din Rovinari au primit &#8222;Lumin\u0103 Sf\u00e2nt\u0103&#8221; de la Ierusalim"},"content":{"rendered":"<p style=\"text-align: justify;\"><object style=\"width: 300px; height: 200px;\" classid=\"clsid:d27cdb6e-ae6d-11cf-96b8-444553540000\" width=\"300\" height=\"200\" codebase=\"http:\/\/download.macromedia.com\/pub\/shockwave\/cabs\/flash\/swflash.cab#version=6,0,40,0\"><param name=\"src\" value=\"http:\/\/www.youtube.com\/v\/MAMvo9COLvU\" \/><param name=\"align\" value=\"right\" \/><param name=\"hspace\" value=\"10\" \/><embed style=\"width: 300px; height: 200px;\" type=\"application\/x-shockwave-flash\" width=\"300\" height=\"200\" src=\"http:\/\/www.youtube.com\/v\/MAMvo9COLvU\" hspace=\"10\" align=\"right\"><\/embed><\/object>Lumina Sf\u00e2nt\u0103 de la Ierusalim, adus\u0103 \u00een \u0163ar\u0103 de o delega\u0163ie a Patriarhiei Rom\u00e2ne a ajuns \u015fi la credincio\u015fii din Rovinari. De la Aeroportul &#8222;Henri Coand\u0103&#8221;, Lumina a fost \u00eemp\u0103r\u0163it\u0103 tuturor reprezentan\u0163ilor eparhiilor din \u0163ar\u0103 prezen\u0163i s\u00e2mb\u0103t\u0103 pe aeroport \u015fi adus\u0103 \u00een toate re\u015fedin\u0163ele de jude\u0163.<\/p>\n<p style=\"text-align: justify;\">Primarul ora\u015fului Rovinari, Dorin Filip \u00eempreun\u0103 cu reprezentan\u0163ii Catedralei Ortodoxe din Rovinari, au fost la T\u00e2rgu Jiu \u015fi au f\u0103cut ca \u00een Noaptea de \u00cenviere, credincio\u015fii veni\u0163i la biseric\u0103, s\u0103 primeasc\u0103 \u201eLumina Sf\u00e2nt\u0103\u201d adus\u0103 direct de la Ierusalim.<\/p>\n<p style=\"text-align: justify;\">Este pentru prima dat\u0103 c\u00e2nd aceast\u0103 lumin\u0103 ajunge \u015fi la bisericile ortodoxe din ora\u015ful nostru. Mai mult dec\u00e2t at\u00e2t, Poli\u0163ia Local\u0103 din Rovinari a f\u0103cut posibil ca \u015fi bolnavii interna\u0163i la Spitalul \u201eSf\u00e2ntull \u015etefan\u201d din localitate s\u0103 primeasc\u0103 lumin\u0103.<br \/>\n<!--more-->ngg_shortcode_0_placeholder<\/p>\n","protected":false},"excerpt":{"rendered":"<p>Lumina Sf\u00e2nt\u0103 de la Ierusalim, adus\u0103 \u00een \u0163ar\u0103 de o delega\u0163ie a Patriarhiei Rom\u00e2ne a ajuns \u015fi la credincio\u015fii din Rovinari. De la Aeroportul &#8222;Henri Coand\u0103&#8221;, Lumina a fost \u00eemp\u0103r\u0163it\u0103 tuturor reprezentan\u0163ilor eparhiilor din \u0163ar\u0103 prezen\u0163i s\u00e2mb\u0103t\u0103 pe aeroport \u015fi adus\u0103 \u00een toate re\u015fedin\u0163ele de jude\u0163. Primarul ora\u015fului Rovinari, Dorin Filip \u00eempreun\u0103 cu reprezentan\u0163ii Catedralei [&hellip;]<\/p>\n","protected":false},"author":1001008,"featured_media":0,"comment_status":"open","ping_status":"open","sticky":false,"template":"","format":"standard","meta":{"ngg_post_thumbnail":0,"footnotes":""},"categories":[4],"tags":[322,321,323],"class_list":["post-2672","post","type-post","status-publish","format-standard","hentry","category-informatii-locale","tag-inviere","tag-lumina-sfanta","tag-pasti"],"_links":{"self":[{"href":"https:\/\/primariarovinari.ro\/old\/wp-json\/wp\/v2\/posts\/2672","targetHints":{"allow":["GET"]}}],"collection":[{"href":"https:\/\/primariarovinari.ro\/old\/wp-json\/wp\/v2\/posts"}],"about":[{"href":"https:\/\/primariarovinari.ro\/old\/wp-json\/wp\/v2\/types\/post"}],"author":[{"embeddable":true,"href":"https:\/\/primariarovinari.ro\/old\/wp-json\/wp\/v2\/users\/1001008"}],"replies":[{"embeddable":true,"href":"https:\/\/primariarovinari.ro\/old\/wp-json\/wp\/v2\/comments?post=2672"}],"version-history":[{"count":0,"href":"https:\/\/primariarovinari.ro\/old\/wp-json\/wp\/v2\/posts\/2672\/revisions"}],"wp:attachment":[{"href":"https:\/\/primariarovinari.ro\/old\/wp-json\/wp\/v2\/media?parent=2672"}],"wp:term":[{"taxonomy":"category","embeddable":true,"href":"https:\/\/primariarovinari.ro\/old\/wp-json\/wp\/v2\/categories?post=2672"},{"taxonomy":"post_tag","embeddable":true,"href":"https:\/\/primariarovinari.ro\/old\/wp-json\/wp\/v2\/tags?post=2672"}],"curies":[{"name":"wp","href":"https:\/\/api.w.org\/{rel}","templated":true}]}}