{"id":2655,"date":"2011-04-27T09:55:31","date_gmt":"2011-04-27T07:55:31","guid":{"rendered":"http:\/\/www.primariarovinari.ro\/?p=2655"},"modified":"2011-09-13T12:02:18","modified_gmt":"2011-09-13T10:02:18","slug":"spitalul-%e2%80%9esfantul-stefan%e2%80%9d-din-rovinari-va-fi-anvelopat-termic","status":"publish","type":"post","link":"https:\/\/primariarovinari.ro\/old\/2011\/04\/spitalul-%e2%80%9esfantul-stefan%e2%80%9d-din-rovinari-va-fi-anvelopat-termic\/","title":{"rendered":"Spitalul \u201eSf\u00e2ntul \u015etefan\u201d din Rovinari va fi anvelopat termic"},"content":{"rendered":"<p style=\"text-align: justify;\"><a href=\"http:\/\/www.primariarovinari.ro\/wp-content\/uploads\/2011\/04\/anvelopare-spital.jpg\"><img loading=\"lazy\" decoding=\"async\" class=\"alignright size-medium wp-image-2657\" style=\"margin-top: 5px; margin-bottom: 5px;\" title=\"anvelopare spital\" src=\"http:\/\/www.primariarovinari.ro\/wp-content\/uploads\/2011\/04\/anvelopare-spital-300x168.jpg\" alt=\"\" width=\"300\" height=\"168\" srcset=\"https:\/\/primariarovinari.ro\/old\/wp-content\/uploads\/2011\/04\/anvelopare-spital-300x168.jpg 300w, https:\/\/primariarovinari.ro\/old\/wp-content\/uploads\/2011\/04\/anvelopare-spital.jpg 1024w\" sizes=\"auto, (max-width: 300px) 100vw, 300px\" \/><\/a>Dup\u0103 ce a reu\u015fit s\u0103 evite desfiin\u0163area spitalului din localitate, primarul ora\u015fului a \u00eenceput modernizarea acestuia. Dac\u0103 anul trecut s-a \u00eenlocuit sistemul clasic de ap\u0103 cald\u0103 al spitalului, cu unul nou, bazat pe panouri solare, \u015fi s-au modernizat majoritatea sec\u0163iilor din spital, \u00een aceast\u0103 prim\u0103var\u0103 s-au \u00eenceput lucr\u0103rile la anveloparea termic\u0103 a cl\u0103dirii spitalului.<\/p>\n<p style=\"text-align: justify;\">Aceast\u0103 anvelopare termic\u0103 presupune at\u00e2t hidroizola\u0163ia pere\u0163ilor exteriori cu polistiren (10 cm), c\u00e2t \u015fi a soclului \u015fi acoperi\u015fului. Toate aceste investi\u0163ii au ca scop principal reducerea cu 60% a cheltuielilor cu \u00eenc\u0103lzirea.<\/p>\n<p style=\"text-align: justify;\"><!--more-->Investi\u0163iile majore, f\u0103cute de Prim\u0103ria Rovinari la Spitalul \u201eSf\u00e2ntul \u015etefan\u201d, vin \u00eentr-un timp foarte scurt de la preluarea acestuia de c\u0103tre administra\u0163ia local\u0103, \u015fi ele nu se vor opri aici.<\/p>\n<p style=\"text-align: justify;\">ngg_shortcode_0_placeholder<\/p>\n","protected":false},"excerpt":{"rendered":"<p>Dup\u0103 ce a reu\u015fit s\u0103 evite desfiin\u0163area spitalului din localitate, primarul ora\u015fului a \u00eenceput modernizarea acestuia. Dac\u0103 anul trecut s-a \u00eenlocuit sistemul clasic de ap\u0103 cald\u0103 al spitalului, cu unul nou, bazat pe panouri solare, \u015fi s-au modernizat majoritatea sec\u0163iilor din spital, \u00een aceast\u0103 prim\u0103var\u0103 s-au \u00eenceput lucr\u0103rile la anveloparea termic\u0103 a cl\u0103dirii spitalului. Aceast\u0103 [&hellip;]<\/p>\n","protected":false},"author":1001008,"featured_media":0,"comment_status":"open","ping_status":"open","sticky":false,"template":"","format":"standard","meta":{"ngg_post_thumbnail":0,"footnotes":""},"categories":[8],"tags":[319,95],"class_list":["post-2655","post","type-post","status-publish","format-standard","hentry","category-proiecte","tag-anvelopare-termica","tag-spital"],"_links":{"self":[{"href":"https:\/\/primariarovinari.ro\/old\/wp-json\/wp\/v2\/posts\/2655","targetHints":{"allow":["GET"]}}],"collection":[{"href":"https:\/\/primariarovinari.ro\/old\/wp-json\/wp\/v2\/posts"}],"about":[{"href":"https:\/\/primariarovinari.ro\/old\/wp-json\/wp\/v2\/types\/post"}],"author":[{"embeddable":true,"href":"https:\/\/primariarovinari.ro\/old\/wp-json\/wp\/v2\/users\/1001008"}],"replies":[{"embeddable":true,"href":"https:\/\/primariarovinari.ro\/old\/wp-json\/wp\/v2\/comments?post=2655"}],"version-history":[{"count":0,"href":"https:\/\/primariarovinari.ro\/old\/wp-json\/wp\/v2\/posts\/2655\/revisions"}],"wp:attachment":[{"href":"https:\/\/primariarovinari.ro\/old\/wp-json\/wp\/v2\/media?parent=2655"}],"wp:term":[{"taxonomy":"category","embeddable":true,"href":"https:\/\/primariarovinari.ro\/old\/wp-json\/wp\/v2\/categories?post=2655"},{"taxonomy":"post_tag","embeddable":true,"href":"https:\/\/primariarovinari.ro\/old\/wp-json\/wp\/v2\/tags?post=2655"}],"curies":[{"name":"wp","href":"https:\/\/api.w.org\/{rel}","templated":true}]}}