{"id":2652,"date":"2011-04-27T09:43:28","date_gmt":"2011-04-27T07:43:28","guid":{"rendered":"http:\/\/www.primariarovinari.ro\/?p=2652"},"modified":"2011-04-27T09:43:28","modified_gmt":"2011-04-27T07:43:28","slug":"cartierul-virtul-nou-va-fi-alimentat-cu-apa","status":"publish","type":"post","link":"https:\/\/primariarovinari.ro\/old\/2011\/04\/cartierul-virtul-nou-va-fi-alimentat-cu-apa\/","title":{"rendered":"Cartierul V\u00eer\u0163ul Nou va fi alimentat cu ap\u0103"},"content":{"rendered":"<p style=\"text-align: justify;\"><a href=\"http:\/\/www.primariarovinari.ro\/wp-content\/uploads\/2011\/04\/alimentare-apa-virt.jpg\"><img loading=\"lazy\" decoding=\"async\" class=\"alignleft size-medium wp-image-2653\" title=\"alimentare apa virt\" src=\"http:\/\/www.primariarovinari.ro\/wp-content\/uploads\/2011\/04\/alimentare-apa-virt-300x168.jpg\" alt=\"\" width=\"300\" height=\"168\" srcset=\"https:\/\/primariarovinari.ro\/old\/wp-content\/uploads\/2011\/04\/alimentare-apa-virt-300x168.jpg 300w, https:\/\/primariarovinari.ro\/old\/wp-content\/uploads\/2011\/04\/alimentare-apa-virt.jpg 1024w\" sizes=\"auto, (max-width: 300px) 100vw, 300px\" \/><\/a>Dup\u0103 c\u00e2\u0163iva ani de peti\u0163ii \u015fi adrese f\u0103cute de primarul Dorin Filip, au \u00eenceput lucr\u0103rile pentru alimentarea cu ap\u0103 a Cartierului V\u00e2r\u0163ul Nou. Dac\u0103 lucr\u0103rile de alimentare cu ap\u0103 sunt executate de c\u0103tre Societatea Na\u0163ional\u0103 a Lignitului Oltenia, sistemul de canalizare \u015fi sta\u0163ia de epurare ale aceluia\u015fi cartier sunt f\u0103cute de c\u0103tre Complexul Energetic Rovinari. Re\u0163eaua de ap\u0103 va fi racordat\u0103 la conducta de Izvarna.<\/p>\n<p style=\"text-align: justify;\">\u00cen cartierul V\u00eer\u0163ul Nou locuiesc cet\u0103\u0163eni str\u0103muta\u0163i din zonele afectate de extinderea exploat\u0103rilor miniere ale C.E.R. \u015fi S.N.L.O., care p\u00e2n\u0103 \u00een acest moment nu beneficiau de alimentare cu ap\u0103 individual\u0103.<br \/>\n<!--more-->ngg_shortcode_0_placeholder<img decoding=\"async\" src=\"file:\/\/\/C:\/Documents%20and%20Settings\/Mada\/Desktop\/poze%20virt\/DSC00001.JPG\" alt=\"\" \/><\/p>\n","protected":false},"excerpt":{"rendered":"<p>Dup\u0103 c\u00e2\u0163iva ani de peti\u0163ii \u015fi adrese f\u0103cute de primarul Dorin Filip, au \u00eenceput lucr\u0103rile pentru alimentarea cu ap\u0103 a Cartierului V\u00e2r\u0163ul Nou. Dac\u0103 lucr\u0103rile de alimentare cu ap\u0103 sunt executate de c\u0103tre Societatea Na\u0163ional\u0103 a Lignitului Oltenia, sistemul de canalizare \u015fi sta\u0163ia de epurare ale aceluia\u015fi cartier sunt f\u0103cute de c\u0103tre Complexul Energetic Rovinari. [&hellip;]<\/p>\n","protected":false},"author":1001008,"featured_media":0,"comment_status":"open","ping_status":"open","sticky":false,"template":"","format":"standard","meta":{"ngg_post_thumbnail":0,"footnotes":""},"categories":[8],"tags":[317,318],"class_list":["post-2652","post","type-post","status-publish","format-standard","hentry","category-proiecte","tag-alimentare-cu-apa","tag-virt"],"_links":{"self":[{"href":"https:\/\/primariarovinari.ro\/old\/wp-json\/wp\/v2\/posts\/2652","targetHints":{"allow":["GET"]}}],"collection":[{"href":"https:\/\/primariarovinari.ro\/old\/wp-json\/wp\/v2\/posts"}],"about":[{"href":"https:\/\/primariarovinari.ro\/old\/wp-json\/wp\/v2\/types\/post"}],"author":[{"embeddable":true,"href":"https:\/\/primariarovinari.ro\/old\/wp-json\/wp\/v2\/users\/1001008"}],"replies":[{"embeddable":true,"href":"https:\/\/primariarovinari.ro\/old\/wp-json\/wp\/v2\/comments?post=2652"}],"version-history":[{"count":0,"href":"https:\/\/primariarovinari.ro\/old\/wp-json\/wp\/v2\/posts\/2652\/revisions"}],"wp:attachment":[{"href":"https:\/\/primariarovinari.ro\/old\/wp-json\/wp\/v2\/media?parent=2652"}],"wp:term":[{"taxonomy":"category","embeddable":true,"href":"https:\/\/primariarovinari.ro\/old\/wp-json\/wp\/v2\/categories?post=2652"},{"taxonomy":"post_tag","embeddable":true,"href":"https:\/\/primariarovinari.ro\/old\/wp-json\/wp\/v2\/tags?post=2652"}],"curies":[{"name":"wp","href":"https:\/\/api.w.org\/{rel}","templated":true}]}}