{"id":2644,"date":"2011-05-06T09:53:12","date_gmt":"2011-05-06T07:53:12","guid":{"rendered":"http:\/\/www.primariarovinari.ro\/?p=2644"},"modified":"2011-05-06T15:35:21","modified_gmt":"2011-05-06T13:35:21","slug":"amenajare-ambiental-piata-veche","status":"publish","type":"post","link":"https:\/\/primariarovinari.ro\/old\/2011\/05\/amenajare-ambiental-piata-veche\/","title":{"rendered":"Amenajare ambiental pia\u0163a veche"},"content":{"rendered":"<p style=\"text-align: justify;\"><a href=\"http:\/\/www.primariarovinari.ro\/wp-content\/uploads\/2011\/05\/piata_veche_rovinari-29.jpg\"><img loading=\"lazy\" decoding=\"async\" class=\"alignleft size-medium wp-image-2725\" style=\"margin-top: 5px; margin-bottom: 5px;\" title=\"piata_veche_rovinari (29)\" src=\"http:\/\/www.primariarovinari.ro\/wp-content\/uploads\/2011\/05\/piata_veche_rovinari-29-300x168.jpg\" alt=\"\" width=\"300\" height=\"168\" srcset=\"https:\/\/primariarovinari.ro\/old\/wp-content\/uploads\/2011\/05\/piata_veche_rovinari-29-300x168.jpg 300w, https:\/\/primariarovinari.ro\/old\/wp-content\/uploads\/2011\/05\/piata_veche_rovinari-29.jpg 1024w\" sizes=\"auto, (max-width: 300px) 100vw, 300px\" \/><\/a>Zona \u00een care a func\u0163ionat pia\u0163a agro-alimentar\u0103 a ora\u015fului (fosta pia\u0163a mic\u0103) a fost reabilitat\u0103 \u015fi modernizat\u0103 din temelii. Trotuarele au fost \u00eenlocuite cu pavele autoblocante \u015fi beton prefabricat de culoare gri.<\/p>\n<p style=\"text-align: justify;\">Zona a fost dotat\u0103 cu mobilier urban \u015fi spa\u0163iu de agrement, spa\u0163iu de joac\u0103 pentru copii \u015fi o zon\u0103 de agrement pentru persoanele \u00eenv\u00e2rst\u0103.<\/p>\n<p style=\"text-align: justify;\">A fost modernizat \u015fi iluminatul public (ambiental), s-au amenajat \u015fi spa\u0163ii verzi \u00een care au fost s\u0103dite plante \u015fi arbu\u015fti ornamentali. S-au asfaltat cele dou\u0103 str\u0103zi care asigur\u0103 accesul spre str\u0103zile Muncii &#8211; P\u0103cii, \u015fi au fost amenajate 10 locuri de parcare.<\/p>\n<p style=\"text-align: justify;\"><!--more-->ngg_shortcode_0_placeholder<\/p>\n","protected":false},"excerpt":{"rendered":"<p>Zona \u00een care a func\u0163ionat pia\u0163a agro-alimentar\u0103 a ora\u015fului (fosta pia\u0163a mic\u0103) a fost reabilitat\u0103 \u015fi modernizat\u0103 din temelii. Trotuarele au fost \u00eenlocuite cu pavele autoblocante \u015fi beton prefabricat de culoare gri. Zona a fost dotat\u0103 cu mobilier urban \u015fi spa\u0163iu de agrement, spa\u0163iu de joac\u0103 pentru copii \u015fi o zon\u0103 de agrement pentru persoanele [&hellip;]<\/p>\n","protected":false},"author":1001008,"featured_media":0,"comment_status":"open","ping_status":"open","sticky":false,"template":"","format":"standard","meta":{"ngg_post_thumbnail":0,"footnotes":""},"categories":[8],"tags":[],"class_list":["post-2644","post","type-post","status-publish","format-standard","hentry","category-proiecte"],"_links":{"self":[{"href":"https:\/\/primariarovinari.ro\/old\/wp-json\/wp\/v2\/posts\/2644","targetHints":{"allow":["GET"]}}],"collection":[{"href":"https:\/\/primariarovinari.ro\/old\/wp-json\/wp\/v2\/posts"}],"about":[{"href":"https:\/\/primariarovinari.ro\/old\/wp-json\/wp\/v2\/types\/post"}],"author":[{"embeddable":true,"href":"https:\/\/primariarovinari.ro\/old\/wp-json\/wp\/v2\/users\/1001008"}],"replies":[{"embeddable":true,"href":"https:\/\/primariarovinari.ro\/old\/wp-json\/wp\/v2\/comments?post=2644"}],"version-history":[{"count":0,"href":"https:\/\/primariarovinari.ro\/old\/wp-json\/wp\/v2\/posts\/2644\/revisions"}],"wp:attachment":[{"href":"https:\/\/primariarovinari.ro\/old\/wp-json\/wp\/v2\/media?parent=2644"}],"wp:term":[{"taxonomy":"category","embeddable":true,"href":"https:\/\/primariarovinari.ro\/old\/wp-json\/wp\/v2\/categories?post=2644"},{"taxonomy":"post_tag","embeddable":true,"href":"https:\/\/primariarovinari.ro\/old\/wp-json\/wp\/v2\/tags?post=2644"}],"curies":[{"name":"wp","href":"https:\/\/api.w.org\/{rel}","templated":true}]}}