{"id":2586,"date":"2011-03-28T12:02:55","date_gmt":"2011-03-28T10:02:55","guid":{"rendered":"http:\/\/www.primariarovinari.ro\/?p=2586"},"modified":"2011-03-28T12:28:11","modified_gmt":"2011-03-28T10:28:11","slug":"ora-pamantului-marcata-si-la-rovinari","status":"publish","type":"post","link":"https:\/\/primariarovinari.ro\/old\/2011\/03\/ora-pamantului-marcata-si-la-rovinari\/","title":{"rendered":"Ora P\u0103m\u00e2ntului marcat\u0103 \u015fi de Prim\u0103ria Rovinari"},"content":{"rendered":"<p style=\"text-align: justify;\"><a href=\"http:\/\/www.primariarovinari.ro\/wp-content\/uploads\/2011\/03\/ora-pamantului.jpg\"><img loading=\"lazy\" decoding=\"async\" class=\"alignleft size-full wp-image-2587\" title=\"ora-pamantului\" src=\"http:\/\/www.primariarovinari.ro\/wp-content\/uploads\/2011\/03\/ora-pamantului.jpg\" alt=\"\" width=\"150\" height=\"176\" \/><\/a>S\u00e2mb\u0103t\u0103 seara, timp de aproximativ o or\u0103, iluminatul public din ora\u015ful Rovinari a fost \u00eentrerupt, tocmai pentru a marca Ora P\u0103m\u00e2ntului (Earth Hour), transmi\u0163\u00e2nd astfel un semnal global despre nevoia de a fi responsabili fa\u0163\u0103 de mediul \u00eenconjur\u0103tor.<\/p>\n<p style=\"text-align: justify;\">De\u015fi, cantitatea de energie economisit\u0103 nu a fost foarte mare, acest gest simbolic a fost un mesaj\u00a0 de con\u015ftientizare a oamenilor, privind economisirea energiei prin mijloace simple. Prin acest gest ora\u015ful Rovinari s-a al\u0103turat miilor de oameni, care aleg astfel sa onereze planeta care ne sus\u0163ine via\u0163a.<\/p>\n<p style=\"text-align: justify;\">Sper\u0103m ca \u00een viitor, aceast\u0103 campanie s\u0103 se bucure de o mai mare sus\u0163inere din partea popula\u0163iei.<\/p>\n","protected":false},"excerpt":{"rendered":"<p>S\u00e2mb\u0103t\u0103 seara, timp de aproximativ o or\u0103, iluminatul public din ora\u015ful Rovinari a fost \u00eentrerupt, tocmai pentru a marca Ora P\u0103m\u00e2ntului (Earth Hour), transmi\u0163\u00e2nd astfel un semnal global despre nevoia de a fi responsabili fa\u0163\u0103 de mediul \u00eenconjur\u0103tor. De\u015fi, cantitatea de energie economisit\u0103 nu a fost foarte mare, acest gest simbolic a fost un mesaj\u00a0 [&hellip;]<\/p>\n","protected":false},"author":1001008,"featured_media":0,"comment_status":"open","ping_status":"open","sticky":false,"template":"","format":"standard","meta":{"ngg_post_thumbnail":0,"footnotes":""},"categories":[4],"tags":[315],"class_list":["post-2586","post","type-post","status-publish","format-standard","hentry","category-informatii-locale","tag-ora-pamantului"],"_links":{"self":[{"href":"https:\/\/primariarovinari.ro\/old\/wp-json\/wp\/v2\/posts\/2586","targetHints":{"allow":["GET"]}}],"collection":[{"href":"https:\/\/primariarovinari.ro\/old\/wp-json\/wp\/v2\/posts"}],"about":[{"href":"https:\/\/primariarovinari.ro\/old\/wp-json\/wp\/v2\/types\/post"}],"author":[{"embeddable":true,"href":"https:\/\/primariarovinari.ro\/old\/wp-json\/wp\/v2\/users\/1001008"}],"replies":[{"embeddable":true,"href":"https:\/\/primariarovinari.ro\/old\/wp-json\/wp\/v2\/comments?post=2586"}],"version-history":[{"count":0,"href":"https:\/\/primariarovinari.ro\/old\/wp-json\/wp\/v2\/posts\/2586\/revisions"}],"wp:attachment":[{"href":"https:\/\/primariarovinari.ro\/old\/wp-json\/wp\/v2\/media?parent=2586"}],"wp:term":[{"taxonomy":"category","embeddable":true,"href":"https:\/\/primariarovinari.ro\/old\/wp-json\/wp\/v2\/categories?post=2586"},{"taxonomy":"post_tag","embeddable":true,"href":"https:\/\/primariarovinari.ro\/old\/wp-json\/wp\/v2\/tags?post=2586"}],"curies":[{"name":"wp","href":"https:\/\/api.w.org\/{rel}","templated":true}]}}