{"id":2551,"date":"2011-03-16T15:22:34","date_gmt":"2011-03-16T13:22:34","guid":{"rendered":"http:\/\/www.primariarovinari.ro\/?p=2551"},"modified":"2011-03-16T15:58:28","modified_gmt":"2011-03-16T13:58:28","slug":"a-inceput-campania-privind-curatenia-de-primavara","status":"publish","type":"post","link":"https:\/\/primariarovinari.ro\/old\/2011\/03\/a-inceput-campania-privind-curatenia-de-primavara\/","title":{"rendered":"A \u00eenceput campania privind cur\u0103\u0163enia de prim\u0103var\u0103"},"content":{"rendered":"<p style=\"text-align: justify;\"><a href=\"http:\/\/www.primariarovinari.ro\/wp-content\/uploads\/2011\/03\/curatenie-de-primavara-3.jpg\"><img loading=\"lazy\" decoding=\"async\" class=\"alignright size-medium wp-image-2564\" title=\"curatenie de primavara (3)\" src=\"http:\/\/www.primariarovinari.ro\/wp-content\/uploads\/2011\/03\/curatenie-de-primavara-3-300x168.jpg\" alt=\"\" width=\"300\" height=\"168\" srcset=\"https:\/\/primariarovinari.ro\/old\/wp-content\/uploads\/2011\/03\/curatenie-de-primavara-3-300x168.jpg 300w, https:\/\/primariarovinari.ro\/old\/wp-content\/uploads\/2011\/03\/curatenie-de-primavara-3.jpg 1024w\" sizes=\"auto, (max-width: 300px) 100vw, 300px\" \/><\/a>Vremea frumoas\u0103 din ultima perioad\u0103 a determinat autorit\u0103\u0163ile locale s\u0103 demareze cur\u0103\u0163enia de prim\u0103var\u0103, astfel c\u0103\u00a0 s-a \u00eenceput toaletarea arborilor, salubrizarea spa\u0163iilor verzi, s-a spalat Bulevardul Minerilor \u015fi s-a trecut la \u00eenlocuirea tuturor capacelor de canalizare din ora\u015f.<\/p>\n<p style=\"text-align: justify;\">Miercuri 16 martie 2011, angaja\u0163ii prim\u0103riei \u00eempreun\u0103 cu cei de la ACS Rovinari au vrut s\u0103 dea un exemplu privind sim\u0163ul gospod\u0103resc, tuturor cet\u0103\u0163enilor care locuiesc \u00een acest ora\u015f, f\u0103c\u00e2ndu-i s\u0103 con\u015ftientizeze faptul c\u0103 fiecare dintre ei sunt responsabili de cur\u0103\u0163enia spa\u0163iilor verzi adiacente blocurilor \u00een care locuiesc.<\/p>\n<p style=\"text-align: justify;\">Campania de cur\u0103\u0163enie va continua p\u00e2n\u0103 la data de 30 aprilie dup\u0103 urm\u0103torul calendar:<\/p>\n<p style=\"text-align: justify;\"><strong><!--more-->Calendarul lucr\u0103rilor de prim\u0103var\u0103: martie \u2013 aprilie 2011<\/strong><br \/>\nLucr\u0103ri de corec\u0163ie \u015fi t\u0103iere a arborilor \u015fi arbu\u015ftilor ornamentali:<br \/>\n&#8211;\u00a0\u00a0 \u00a0t\u0103ieri de corec\u0163ie;<br \/>\n&#8211;\u00a0\u00a0 \u00a0\u00eenl\u0103turarea l\u0103starilor lacomi \u2013 08.03.2011\u201322.03.2011.<br \/>\nCur\u0103\u0163irea general\u0103 a spa\u0163iilor verzi, degajarea resturilor vegetale \u015fi lucr\u0103ri de salubrizare stradal\u0103:<br \/>\n&#8211;\u00a0\u00a0 \u00a0adunarea resturilor vegetale;<br \/>\n&#8211;\u00a0\u00a0 \u00a0salubrizarea parcurilor \u015fi zonelor verzi adiacente blocurilor;<br \/>\n&#8211;\u00a0\u00a0 \u00a0cur\u0103\u0163area afi\u015felor publicitare de pe panouri \u015fi st\u00e2lpi;<br \/>\n&#8211;\u00a0\u00a0 \u00a0m\u0103turarea \u015fi str\u00e2ngerea nisipului folosit \u00een timpul sezonului rece \u2013 15.03.2011\u201322.03.2011.<br \/>\nEfectuarea de tratamente fitosanitare la arbori, arbu\u015fti, garduri vii \u2013 18.08.2011-22.03.2011.<br \/>\nCompletarea cu p\u0103m\u00e2nt fertil a parcurilor \u015fi a zonelor adiacente blocurilor de locuit \u2013 25.03.2011-31.03.2011.<br \/>\nRepararea jardinierelor stradale \u015fi completarea cu p\u0103m\u00e2nt fertil \u2013 15.03.2011-02.04.2011.<br \/>\nSem\u0103nat gazon spa\u0163ii verzi \u2013 21.03.2011-25.03.2011.<br \/>\nPreg\u0103tirea solariilor pentru plantarea de prim\u0103var\u0103:<br \/>\n&#8211;\u00a0\u00a0 \u00a0repara\u0163ii structur\u0103;<br \/>\n&#8211;\u00a0\u00a0 \u00a0montare folie;<br \/>\n&#8211;\u00a0\u00a0 \u00a0repararea \u015fi montarea u\u015filor \u2013 01.04.2011-06.04.2011<br \/>\nSp\u0103larea str\u0103zilor cu jet de ap\u0103 \u2013 03.04.2011 \u2013 09.04.2011.<br \/>\nRepara\u0163ii stradale:<br \/>\n&#8211;\u00a0\u00a0 \u00a0plomb\u0103ri stradale \u2013 15.03.2011<br \/>\n&#8211;\u00a0\u00a0 \u00a0repara\u0163ii borduri<br \/>\n&#8211;\u00a0\u00a0 \u00a0montat capace stradale \u2013 25.03.2011-03.04.2011<br \/>\nT\u0103ieri de prim\u0103var\u0103 la trandafiri \u015fi administrarea de \u00eengr\u0103\u015f\u0103minte chimice \u015fi organice \u2013 01.04.2011-05.04.2011.<br \/>\nPreg\u0103tirea solului \u00een vederea plant\u0103rilor de prim\u0103var\u0103 \u015fi s\u0103pat pomi ornamentali \u2013 20.03.2011-05.04.2011.<br \/>\nPlantarea r\u0103sadurilor de prim\u0103var\u0103 \u2013 flori (primola, panselu\u0163e, etc) \u2013 08.04.2011-10.04.2011.<br \/>\nVopsire:<br \/>\n&#8211;\u00a0\u00a0 \u00a0jardiniere;<br \/>\n&#8211;\u00a0\u00a0 \u00a0borduri stradale;<br \/>\n&#8211;\u00a0\u00a0 \u00a0b\u0103ncu\u0163e \u2013 08.04.2011-18.04.2011<br \/>\nV\u0103ruirea pomilor \u015fi arbu\u015ftilor ornamentali \u2013 08.04.2011-18.04.2011<br \/>\nEfectuarea marcajelor stradale longitudinale \u015fi transversale \u2013 15.04.2011-20.04.2011<\/p>\n<p style=\"text-align: justify;\">ngg_shortcode_0_placeholder<\/p>\n<p style=\"text-align: justify;\">\n","protected":false},"excerpt":{"rendered":"<p>Vremea frumoas\u0103 din ultima perioad\u0103 a determinat autorit\u0103\u0163ile locale s\u0103 demareze cur\u0103\u0163enia de prim\u0103var\u0103, astfel c\u0103\u00a0 s-a \u00eenceput toaletarea arborilor, salubrizarea spa\u0163iilor verzi, s-a spalat Bulevardul Minerilor \u015fi s-a trecut la \u00eenlocuirea tuturor capacelor de canalizare din ora\u015f. Miercuri 16 martie 2011, angaja\u0163ii prim\u0103riei \u00eempreun\u0103 cu cei de la ACS Rovinari au vrut s\u0103 dea [&hellip;]<\/p>\n","protected":false},"author":1001008,"featured_media":0,"comment_status":"open","ping_status":"open","sticky":false,"template":"","format":"standard","meta":{"ngg_post_thumbnail":0,"footnotes":""},"categories":[4],"tags":[209,124],"class_list":["post-2551","post","type-post","status-publish","format-standard","hentry","category-informatii-locale","tag-curatenie","tag-primavara"],"_links":{"self":[{"href":"https:\/\/primariarovinari.ro\/old\/wp-json\/wp\/v2\/posts\/2551","targetHints":{"allow":["GET"]}}],"collection":[{"href":"https:\/\/primariarovinari.ro\/old\/wp-json\/wp\/v2\/posts"}],"about":[{"href":"https:\/\/primariarovinari.ro\/old\/wp-json\/wp\/v2\/types\/post"}],"author":[{"embeddable":true,"href":"https:\/\/primariarovinari.ro\/old\/wp-json\/wp\/v2\/users\/1001008"}],"replies":[{"embeddable":true,"href":"https:\/\/primariarovinari.ro\/old\/wp-json\/wp\/v2\/comments?post=2551"}],"version-history":[{"count":0,"href":"https:\/\/primariarovinari.ro\/old\/wp-json\/wp\/v2\/posts\/2551\/revisions"}],"wp:attachment":[{"href":"https:\/\/primariarovinari.ro\/old\/wp-json\/wp\/v2\/media?parent=2551"}],"wp:term":[{"taxonomy":"category","embeddable":true,"href":"https:\/\/primariarovinari.ro\/old\/wp-json\/wp\/v2\/categories?post=2551"},{"taxonomy":"post_tag","embeddable":true,"href":"https:\/\/primariarovinari.ro\/old\/wp-json\/wp\/v2\/tags?post=2551"}],"curies":[{"name":"wp","href":"https:\/\/api.w.org\/{rel}","templated":true}]}}