{"id":2529,"date":"2011-03-14T14:35:01","date_gmt":"2011-03-14T12:35:01","guid":{"rendered":"http:\/\/www.primariarovinari.ro\/?p=2529"},"modified":"2011-03-14T14:45:43","modified_gmt":"2011-03-14T12:45:43","slug":"spitalul-orasenesc-%e2%80%9esfantul-stefan-%e2%80%9e-rovinari-nu-va-fi-inchis","status":"publish","type":"post","link":"https:\/\/primariarovinari.ro\/old\/2011\/03\/spitalul-orasenesc-%e2%80%9esfantul-stefan-%e2%80%9e-rovinari-nu-va-fi-inchis\/","title":{"rendered":"Spitalul Or\u0103\u015fenesc \u201eSf\u00e2ntul \u015etefan \u201e Rovinari &#8211; NU VA FI \u00ceNCHIS"},"content":{"rendered":"<p style=\"text-align: justify;\"><a href=\"http:\/\/www.primariarovinari.ro\/wp-content\/uploads\/2011\/03\/Spitalul-Rovinari-nu-va-fi-inchis-8.jpg\"><img loading=\"lazy\" decoding=\"async\" class=\"alignright size-medium wp-image-2530\" title=\"Spitalul Rovinari nu va fi inchis (8)\" src=\"http:\/\/www.primariarovinari.ro\/wp-content\/uploads\/2011\/03\/Spitalul-Rovinari-nu-va-fi-inchis-8-300x225.jpg\" alt=\"\" width=\"300\" height=\"225\" srcset=\"https:\/\/primariarovinari.ro\/old\/wp-content\/uploads\/2011\/03\/Spitalul-Rovinari-nu-va-fi-inchis-8-300x225.jpg 300w, https:\/\/primariarovinari.ro\/old\/wp-content\/uploads\/2011\/03\/Spitalul-Rovinari-nu-va-fi-inchis-8.jpg 1024w\" sizes=\"auto, (max-width: 300px) 100vw, 300px\" \/><\/a>Eforturile f\u0103cute de c\u0103tre primarul Dorin Filip pentru ca spitalul din Rovinari s\u0103 nu se \u00eenchid\u0103, au dat roade. Spitalul Rovinari nu se reg\u0103se\u015fte printre cele 67 de unit\u0103\u0163i sanitare, care se vor reprofila \u00een c\u0103mine pentru persoane v\u00e2rstnice, ap\u0103rute \u00een Hot\u0103r\u00e2rea de Guvern nr. 212 din 9 martie 2011, pentru aprobarea Programului de interes na\u0163ional \u201eDezvoltarea re\u0163elei na\u0163ionale de c\u0103mine pentru persoanele v\u00e2rstnice\u201d, publicat\u0103 \u00een Monitorul Oficial al Rom\u00e2niei, Partea I, nr. 175\/11.03.2011.<\/p>\n<p style=\"text-align: justify;\">Primarul ora\u015fului Rovinari, a f\u0103cut tot ce a depins de el ca aceast\u0103 unitate sanitar\u0103 s\u0103 nu se transforme \u00een c\u0103min de b\u0103tr\u00e2ni, reu\u015find s\u0103 conving\u0103 \u00een cele din urm\u0103, autorit\u0103\u0163ile de la Bucure\u015fti, s\u0103 revin\u0103 asupra\u00a0 deciziei, iar Spitalul Rovinari s\u0103 nu fie reprofilat. Faptul c\u0103 spitalul din Rovinari va func\u0163iona \u00een continuare, este o realizare foarte important\u0103 at\u00e2t pentru cei care locuiesc \u00een Rovinari, c\u00e2t \u015fi pentru locuitorii comunelor \u00eenvecinate.<\/p>\n<p style=\"text-align: justify;\"><!--more-->De c\u00e2nd a fost preluat de c\u0103tre administra\u0163ia local\u0103, Spitalul Rovinari a beneficiat de investi\u0163ii majore, printre care montarea unui sistem de \u00eenc\u0103lzire bazat pe panouri solare, reabilitarea s\u0103lilor de opera\u0163ie la sec\u0163iile oftalmologie, chirurgie, centru primiri urgen\u0163e; iar pentru anul 2011 au fost prinse \u00een lista de investi\u0163ii urm\u0103toarele obiective: reabilitarea termic\u0103 a cl\u0103dirii spitalului, achizi\u0163ionarea unei truse de video-endoscopie chirurgie, achizi\u0163ie linoleum PVC antibacterian\/antistatic, investi\u0163ii care erau condi\u0163ionate de nereprofilarea acestuia \u00een c\u0103min de b\u0103tr\u00e2ni.<\/p>\n<p style=\"text-align: justify;\">Se dore\u015fte ca spitalul din Rovinari s\u0103 devin\u0103 o unitate sanitar\u0103 c\u0103utat\u0103, cu medici competen\u0163i, care s\u0103 ofere asisten\u0163\u0103 medical\u0103 de calitate.<\/p>\n<p style=\"text-align: justify;\">ngg_shortcode_0_placeholder<\/p>\n<p style=\"text-align: justify;\">\n","protected":false},"excerpt":{"rendered":"<p>Eforturile f\u0103cute de c\u0103tre primarul Dorin Filip pentru ca spitalul din Rovinari s\u0103 nu se \u00eenchid\u0103, au dat roade. Spitalul Rovinari nu se reg\u0103se\u015fte printre cele 67 de unit\u0103\u0163i sanitare, care se vor reprofila \u00een c\u0103mine pentru persoane v\u00e2rstnice, ap\u0103rute \u00een Hot\u0103r\u00e2rea de Guvern nr. 212 din 9 martie 2011, pentru aprobarea Programului de interes [&hellip;]<\/p>\n","protected":false},"author":1001008,"featured_media":0,"comment_status":"open","ping_status":"open","sticky":false,"template":"","format":"standard","meta":{"ngg_post_thumbnail":0,"footnotes":""},"categories":[3],"tags":[310,95],"class_list":["post-2529","post","type-post","status-publish","format-standard","hentry","category-comunicate-de-presa","tag-sanatate","tag-spital"],"_links":{"self":[{"href":"https:\/\/primariarovinari.ro\/old\/wp-json\/wp\/v2\/posts\/2529","targetHints":{"allow":["GET"]}}],"collection":[{"href":"https:\/\/primariarovinari.ro\/old\/wp-json\/wp\/v2\/posts"}],"about":[{"href":"https:\/\/primariarovinari.ro\/old\/wp-json\/wp\/v2\/types\/post"}],"author":[{"embeddable":true,"href":"https:\/\/primariarovinari.ro\/old\/wp-json\/wp\/v2\/users\/1001008"}],"replies":[{"embeddable":true,"href":"https:\/\/primariarovinari.ro\/old\/wp-json\/wp\/v2\/comments?post=2529"}],"version-history":[{"count":0,"href":"https:\/\/primariarovinari.ro\/old\/wp-json\/wp\/v2\/posts\/2529\/revisions"}],"wp:attachment":[{"href":"https:\/\/primariarovinari.ro\/old\/wp-json\/wp\/v2\/media?parent=2529"}],"wp:term":[{"taxonomy":"category","embeddable":true,"href":"https:\/\/primariarovinari.ro\/old\/wp-json\/wp\/v2\/categories?post=2529"},{"taxonomy":"post_tag","embeddable":true,"href":"https:\/\/primariarovinari.ro\/old\/wp-json\/wp\/v2\/tags?post=2529"}],"curies":[{"name":"wp","href":"https:\/\/api.w.org\/{rel}","templated":true}]}}