{"id":2511,"date":"2011-03-03T09:52:23","date_gmt":"2011-03-03T07:52:23","guid":{"rendered":"http:\/\/www.primariarovinari.ro\/?p=2511"},"modified":"2011-03-03T09:59:28","modified_gmt":"2011-03-03T07:59:28","slug":"flori-pentru-%e2%80%a6-%e2%80%9eflori%e2%80%9d","status":"publish","type":"post","link":"https:\/\/primariarovinari.ro\/old\/2011\/03\/flori-pentru-%e2%80%a6-%e2%80%9eflori%e2%80%9d\/","title":{"rendered":"Flori pentru doamnele \u015fi domni\u015foarele din Rovinari"},"content":{"rendered":"<p style=\"text-align: justify;\"><object classid=\"clsid:d27cdb6e-ae6d-11cf-96b8-444553540000\" width=\"300\" height=\"200\" codebase=\"http:\/\/download.macromedia.com\/pub\/shockwave\/cabs\/flash\/swflash.cab#version=6,0,40,0\"><param name=\"src\" value=\"http:\/\/www.youtube.com\/v\/a3t8iKqMnek\" \/><param name=\"align\" value=\"right\" \/><param name=\"vspace\" value=\"5\" \/><param name=\"hspace\" value=\"10\" \/><embed type=\"application\/x-shockwave-flash\" width=\"300\" height=\"200\" src=\"http:\/\/www.youtube.com\/v\/a3t8iKqMnek\" hspace=\"10\" vspace=\"5\" align=\"right\"><\/embed><\/object>1 Martie al fiec\u0103rui an reprezint\u0103 un prilej important pentru primarul Dorin Filip de a acorda flori \u015fi felicit\u0103ri doamnelor \u015fi domni\u015foarelor din ora\u015ful Rovinari. Anul acesta au primit flori\u00a0 doamnele \u015fi domni\u015foarele \u00eent\u00e2lnite \u00een centrul ora\u015fului, angajatele prim\u0103riei, dar \u015fi pacientele \u015fi asistentele Spitalului Or\u0103\u015fenesc \u201eSf\u00e2ntul \u015etefan\u201d din Rovinari.<\/p>\n<p style=\"text-align: justify;\">Un gest frumos \u015fi foarte semnificativ al primarului \u015fi viceprimarului din Rovinari, \u00eentr-un \u00eenceput de prim\u0103var\u0103 timid \u015fi o lun\u0103 \u00eenchinat\u0103 femeilor. Mai mult Consiliul Local \u015fi Prim\u0103ria ora\u015fului  Rovinari \u00eempreun\u0103 cu Casa de Cultur\u0103 \u015fi Biblioteca ora\u015fului Rovinari au preg\u0103tit o surpriz\u0103 frumoas\u0103 doamnelor \u015fi domni\u015foarelor, cu ocazia zilei de 8 martie, la care sunt a\u015ftepta\u0163i \u015fi b\u0103rba\u0163ii. Surpriza const\u0103 \u00eentr-un spectacol  muzical cu invita\u0163i precum <strong>Emilia Ghinescu, Vasile  Ciobanu, Mihai Priescu<\/strong>. Spectacolul se intituleaz\u0103 <strong>\u201eGhiocei de Ziua Ta\u201d<\/strong> \u015fi va avea loc la Casa de Cultur\u0103 a Sindicatelor Rovinari, mar\u0163i 8 martie 2011 cu \u00eencepere de la ora 17.00.<\/p>\n<div style=\"text-align: justify;\">\n<p style=\"text-align: center;\"><strong>Intrarea va fi liber\u0103.<\/strong><\/p>\n<p style=\"text-align: justify;\"><strong><!--more--><\/strong>ngg_shortcode_0_placeholder<\/p>\n<\/div>\n","protected":false},"excerpt":{"rendered":"<p>1 Martie al fiec\u0103rui an reprezint\u0103 un prilej important pentru primarul Dorin Filip de a acorda flori \u015fi felicit\u0103ri doamnelor \u015fi domni\u015foarelor din ora\u015ful Rovinari. Anul acesta au primit flori\u00a0 doamnele \u015fi domni\u015foarele \u00eent\u00e2lnite \u00een centrul ora\u015fului, angajatele prim\u0103riei, dar \u015fi pacientele \u015fi asistentele Spitalului Or\u0103\u015fenesc \u201eSf\u00e2ntul \u015etefan\u201d din Rovinari. Un gest frumos \u015fi foarte [&hellip;]<\/p>\n","protected":false},"author":1001008,"featured_media":0,"comment_status":"open","ping_status":"open","sticky":false,"template":"","format":"standard","meta":{"ngg_post_thumbnail":0,"footnotes":""},"categories":[4],"tags":[125,308,122],"class_list":["post-2511","post","type-post","status-publish","format-standard","hentry","category-informatii-locale","tag-flori","tag-martie","tag-martisor"],"_links":{"self":[{"href":"https:\/\/primariarovinari.ro\/old\/wp-json\/wp\/v2\/posts\/2511","targetHints":{"allow":["GET"]}}],"collection":[{"href":"https:\/\/primariarovinari.ro\/old\/wp-json\/wp\/v2\/posts"}],"about":[{"href":"https:\/\/primariarovinari.ro\/old\/wp-json\/wp\/v2\/types\/post"}],"author":[{"embeddable":true,"href":"https:\/\/primariarovinari.ro\/old\/wp-json\/wp\/v2\/users\/1001008"}],"replies":[{"embeddable":true,"href":"https:\/\/primariarovinari.ro\/old\/wp-json\/wp\/v2\/comments?post=2511"}],"version-history":[{"count":0,"href":"https:\/\/primariarovinari.ro\/old\/wp-json\/wp\/v2\/posts\/2511\/revisions"}],"wp:attachment":[{"href":"https:\/\/primariarovinari.ro\/old\/wp-json\/wp\/v2\/media?parent=2511"}],"wp:term":[{"taxonomy":"category","embeddable":true,"href":"https:\/\/primariarovinari.ro\/old\/wp-json\/wp\/v2\/categories?post=2511"},{"taxonomy":"post_tag","embeddable":true,"href":"https:\/\/primariarovinari.ro\/old\/wp-json\/wp\/v2\/tags?post=2511"}],"curies":[{"name":"wp","href":"https:\/\/api.w.org\/{rel}","templated":true}]}}