{"id":2503,"date":"2011-02-28T11:15:23","date_gmt":"2011-02-28T09:15:23","guid":{"rendered":"http:\/\/www.primariarovinari.ro\/?p=2503"},"modified":"2011-02-28T11:25:13","modified_gmt":"2011-02-28T09:25:13","slug":"primaria-rovinari-organizeaza-un-spectacol-folcloric-dedicat-femeilor-marti-8-martie-la-casa-de-cultura","status":"publish","type":"post","link":"https:\/\/primariarovinari.ro\/old\/2011\/02\/primaria-rovinari-organizeaza-un-spectacol-folcloric-dedicat-femeilor-marti-8-martie-la-casa-de-cultura\/","title":{"rendered":"Prim\u0103ria Rovinari organizeaz\u0103 un spectacol folcloric dedicat femeilor, mar\u0163i 8 martie la Casa de Cultur\u0103"},"content":{"rendered":"<p style=\"text-align: justify;\">Consiliul Local \u015fi Prim\u0103ria Ora\u015fului Rovinari \u00eempreun\u0103 cu Casa de Cultur\u0103 \u015fi Biblioteca ora\u015fului Rovinari organizeaz\u0103 mar\u0163i 8 martie 2011 cu \u00eencepere de la ora 17.00 un spectacol muzical cu invita\u0163i surpriz\u0103, printre care Emilia Ghinescu, Vasile Ciobanu, Mihai Priescu. Spectacolul se intituleaz\u0103 <strong>\u201eGhiocei de Ziua Ta\u201d<\/strong> \u015fi va avea loc la Casa de Cultur\u0103 a Sindicatelor Rovinari.\u00a0 Evenimentul const\u0103 \u00eentr-un program artistic \u015fi spectacol folcloric dedicat zilei interna\u0163ionale a femeii.<\/p>\n<p style=\"text-align: center;\"><strong>Intrarea va fi liber\u0103.<\/strong><\/p>\n","protected":false},"excerpt":{"rendered":"<p>Consiliul Local \u015fi Prim\u0103ria Ora\u015fului Rovinari \u00eempreun\u0103 cu Casa de Cultur\u0103 \u015fi Biblioteca ora\u015fului Rovinari organizeaz\u0103 mar\u0163i 8 martie 2011 cu \u00eencepere de la ora 17.00 un spectacol muzical cu invita\u0163i surpriz\u0103, printre care Emilia Ghinescu, Vasile Ciobanu, Mihai Priescu. Spectacolul se intituleaz\u0103 \u201eGhiocei de Ziua Ta\u201d \u015fi va avea loc la Casa de Cultur\u0103 [&hellip;]<\/p>\n","protected":false},"author":1001008,"featured_media":0,"comment_status":"open","ping_status":"open","sticky":false,"template":"","format":"standard","meta":{"ngg_post_thumbnail":0,"footnotes":""},"categories":[9],"tags":[307],"class_list":["post-2503","post","type-post","status-publish","format-standard","hentry","category-anunturi","tag-ghiocei-de-primavara"],"_links":{"self":[{"href":"https:\/\/primariarovinari.ro\/old\/wp-json\/wp\/v2\/posts\/2503","targetHints":{"allow":["GET"]}}],"collection":[{"href":"https:\/\/primariarovinari.ro\/old\/wp-json\/wp\/v2\/posts"}],"about":[{"href":"https:\/\/primariarovinari.ro\/old\/wp-json\/wp\/v2\/types\/post"}],"author":[{"embeddable":true,"href":"https:\/\/primariarovinari.ro\/old\/wp-json\/wp\/v2\/users\/1001008"}],"replies":[{"embeddable":true,"href":"https:\/\/primariarovinari.ro\/old\/wp-json\/wp\/v2\/comments?post=2503"}],"version-history":[{"count":0,"href":"https:\/\/primariarovinari.ro\/old\/wp-json\/wp\/v2\/posts\/2503\/revisions"}],"wp:attachment":[{"href":"https:\/\/primariarovinari.ro\/old\/wp-json\/wp\/v2\/media?parent=2503"}],"wp:term":[{"taxonomy":"category","embeddable":true,"href":"https:\/\/primariarovinari.ro\/old\/wp-json\/wp\/v2\/categories?post=2503"},{"taxonomy":"post_tag","embeddable":true,"href":"https:\/\/primariarovinari.ro\/old\/wp-json\/wp\/v2\/tags?post=2503"}],"curies":[{"name":"wp","href":"https:\/\/api.w.org\/{rel}","templated":true}]}}