{"id":2321,"date":"2011-01-26T18:43:07","date_gmt":"2011-01-26T16:43:07","guid":{"rendered":"http:\/\/www.primariarovinari.ro\/?p=2321"},"modified":"2011-01-26T18:56:18","modified_gmt":"2011-01-26T16:56:18","slug":"unirea-principatelor-marcata-si-la-rovinari","status":"publish","type":"post","link":"https:\/\/primariarovinari.ro\/old\/2011\/01\/unirea-principatelor-marcata-si-la-rovinari\/","title":{"rendered":"Unirea Principatelor marcat\u0103 \u015fi la Rovinari"},"content":{"rendered":"<p style=\"text-align: justify;\"><object style=\"width: 300px; height: 200px;\" classid=\"clsid:d27cdb6e-ae6d-11cf-96b8-444553540000\" width=\"300\" height=\"200\" codebase=\"http:\/\/download.macromedia.com\/pub\/shockwave\/cabs\/flash\/swflash.cab#version=6,0,40,0\"><param name=\"src\" value=\"http:\/\/www.youtube.com\/v\/Zv9Cc7zkroo\" \/><param name=\"align\" value=\"right\" \/><param name=\"vspace\" value=\"10\" \/><param name=\"hspace\" value=\"10\" \/><embed style=\"width: 300px; height: 200px;\" type=\"application\/x-shockwave-flash\" width=\"300\" height=\"200\" src=\"http:\/\/www.youtube.com\/v\/Zv9Cc7zkroo\" hspace=\"10\" vspace=\"10\" align=\"right\"><\/embed><\/object>Cei 152 de ani de la Unirea Principatelor Rom\u00e2ne au fost marca\u0163i luni 24 ianuarie de c\u0103tre administra\u0163ia local\u0103. Un asemenea moment istoric nu putea fi trecut cu vederea, astfel c\u0103 pe Bulevardul Minerilor s-a oficiat o slujb\u0103 de pomenire a celor care \u015fi-au jertfit via\u0163a pentru patrie.<\/p>\n<p style=\"text-align: justify;\">La acest eveniment au fost prezen\u0163i primarul Dorin Filip, viceprimarul Chivu Lauren\u0163iu dar \u015fi tinerii talenta\u0163i de la Clubul Elevilor Rovinari. Dup\u0103 slujb\u0103 \u015fi programul elevilor condu\u015fi de Emilia Dr\u0103gotoiu Nanu \u015fi Burlan Grigore, cei prezen\u0163i s-au prins \u00een Hora Unirii al\u0103turi de ale\u015fii locali. Ziua de 24 ianuarie r\u0103m\u00e2ne la fel de important\u0103 \u00een istoria Rom\u00e2niei ca \u015fi ziua de 1 decembrie, cu toate c\u0103 ultima este mult mai fastuoas\u0103.<\/p>\n<p style=\"text-align: justify;\"><strong><!--more-->24 Ianuarie marcat \u015fi de G.S.I. Rovinari<\/strong><\/p>\n<p style=\"text-align: justify;\">\u00cen data de 24 ianuarie 2011, la orele 12.30, cu ocazia s\u0103rb\u0103toririi Unirii Principatelor Rom\u00e2ne, la Grupul \u015escolar Industrial Rovinari a avut loc vernisajul expozi\u0163iei foto-documentare cu tema <em>\u201e24 Ianuarie &#8211; Unirea Principatelor Dun\u0103rene\u201d<\/em>. Evenimentul a fost organizat de Muzeul Jude\u0163ean Gorj \u201eAlexandru \u015etefulescu\u201d \u00een parteneriat cu G.S.I. Rovinari. Ini\u0163iatorul parteneriatulul este Popescu Daniela, cadru didactic \u00een cadrul G.S.I.<\/p>\n<p style=\"text-align: justify;\"><object classid=\"clsid:d27cdb6e-ae6d-11cf-96b8-444553540000\" width=\"300\" height=\"200\" codebase=\"http:\/\/download.macromedia.com\/pub\/shockwave\/cabs\/flash\/swflash.cab#version=6,0,40,0\"><param name=\"src\" value=\"http:\/\/www.youtube.com\/v\/t7nIxZxKe4Y\" \/><param name=\"align\" value=\"left\" \/><param name=\"vspace\" value=\"10\" \/><param name=\"hspace\" value=\"10\" \/><embed type=\"application\/x-shockwave-flash\" width=\"300\" height=\"200\" src=\"http:\/\/www.youtube.com\/v\/t7nIxZxKe4Y\" hspace=\"10\" vspace=\"10\" align=\"left\"><\/embed><\/object>La vernisaj au participat viceprimarul Chivu\u00a0Lauren\u0163iu din partea Prim\u0103riei Rovinari, directoarea G.S.I. Rovinari &#8211; Popescu Violeta, directoarea adjunct\u0103 a G.S.I. Rovinari &#8211; Popescu Paulina, prof. Popescu Daniela, muzeografii P\u0103tra\u015fcu Ion \u015fi Firescu Albinel &#8211; din partea Muzeului Jude\u0163ean Gorj \u201eAlexandru \u015etefulescu\u201d, consilier local Chiru Adina \u015fi elevii G.S.I. Rovinari.<\/p>\n<p style=\"text-align: justify;\">\u00cen amfiteatrul institu\u0163iei s-a desf\u0103\u015furat serbarea \u015fcolar\u0103 dedicat\u0103 Unirii Principatelor Rom\u00e2ne, organizat\u0103 de prof. Popescu Daniela cu sprijinul conducerii G.S.I.Rovinari.<\/p>\nngg_shortcode_0_placeholder\n","protected":false},"excerpt":{"rendered":"<p>Cei 152 de ani de la Unirea Principatelor Rom\u00e2ne au fost marca\u0163i luni 24 ianuarie de c\u0103tre administra\u0163ia local\u0103. Un asemenea moment istoric nu putea fi trecut cu vederea, astfel c\u0103 pe Bulevardul Minerilor s-a oficiat o slujb\u0103 de pomenire a celor care \u015fi-au jertfit via\u0163a pentru patrie. La acest eveniment au fost prezen\u0163i primarul [&hellip;]<\/p>\n","protected":false},"author":1001008,"featured_media":0,"comment_status":"open","ping_status":"open","sticky":false,"template":"","format":"standard","meta":{"ngg_post_thumbnail":0,"footnotes":""},"categories":[4],"tags":[300,299],"class_list":["post-2321","post","type-post","status-publish","format-standard","hentry","category-informatii-locale","tag-24-ianuarie","tag-unirea-principatelor"],"_links":{"self":[{"href":"https:\/\/primariarovinari.ro\/old\/wp-json\/wp\/v2\/posts\/2321","targetHints":{"allow":["GET"]}}],"collection":[{"href":"https:\/\/primariarovinari.ro\/old\/wp-json\/wp\/v2\/posts"}],"about":[{"href":"https:\/\/primariarovinari.ro\/old\/wp-json\/wp\/v2\/types\/post"}],"author":[{"embeddable":true,"href":"https:\/\/primariarovinari.ro\/old\/wp-json\/wp\/v2\/users\/1001008"}],"replies":[{"embeddable":true,"href":"https:\/\/primariarovinari.ro\/old\/wp-json\/wp\/v2\/comments?post=2321"}],"version-history":[{"count":0,"href":"https:\/\/primariarovinari.ro\/old\/wp-json\/wp\/v2\/posts\/2321\/revisions"}],"wp:attachment":[{"href":"https:\/\/primariarovinari.ro\/old\/wp-json\/wp\/v2\/media?parent=2321"}],"wp:term":[{"taxonomy":"category","embeddable":true,"href":"https:\/\/primariarovinari.ro\/old\/wp-json\/wp\/v2\/categories?post=2321"},{"taxonomy":"post_tag","embeddable":true,"href":"https:\/\/primariarovinari.ro\/old\/wp-json\/wp\/v2\/tags?post=2321"}],"curies":[{"name":"wp","href":"https:\/\/api.w.org\/{rel}","templated":true}]}}