{"id":2224,"date":"2010-12-22T09:27:30","date_gmt":"2010-12-22T07:27:30","guid":{"rendered":"http:\/\/www.primariarovinari.ro\/?p=2224"},"modified":"2010-12-22T09:43:12","modified_gmt":"2010-12-22T07:43:12","slug":"primaria-rovinari-luata-cu-asalt-de-colindatori","status":"publish","type":"post","link":"https:\/\/primariarovinari.ro\/old\/2010\/12\/primaria-rovinari-luata-cu-asalt-de-colindatori\/","title":{"rendered":"Prim\u0103ria Rovinari luat\u0103 cu asalt de colind\u0103tori"},"content":{"rendered":"<p style=\"text-align: justify;\"><object classid=\"clsid:d27cdb6e-ae6d-11cf-96b8-444553540000\" width=\"300\" height=\"200\" codebase=\"http:\/\/download.macromedia.com\/pub\/shockwave\/cabs\/flash\/swflash.cab#version=6,0,40,0\"><param name=\"src\" value=\"http:\/\/www.youtube.com\/v\/wQkfk2NTqN0\" \/><param name=\"align\" value=\"right\" \/><param name=\"vspace\" value=\"10\" \/><param name=\"hspace\" value=\"10\" \/><embed type=\"application\/x-shockwave-flash\" width=\"300\" height=\"200\" src=\"http:\/\/www.youtube.com\/v\/wQkfk2NTqN0\" hspace=\"10\" vspace=\"10\" align=\"right\"><\/embed><\/object>\u00cen aceast\u0103 perioad\u0103, Prim\u0103ria Rovinari \u015fi-a deschis larg por\u0163ile colind\u0103torilor veni\u0163i s\u0103 vesteasc\u0103 Na\u015fterea Domnului. R\u00e2nd pe r\u00e2nd, mai mul\u0163i elevi de la unit\u0103\u0163ile de \u00eenv\u0103\u0163\u0103m\u00e2nt din ora\u015f, \u00eenso\u0163i\u0163i de cadrele didactice, au venit s\u0103 colinde institu\u0163ia noastr\u0103. Primarul Dorin Filip \u015fi consilierii locali au mul\u0163umit celor veni\u0163i cu colinda \u015fi le-au oferit acestora cadouri.<\/p>\n<p style=\"text-align: justify;\">Nu este pentru prima dat\u0103 c\u00e2nd prim\u0103ria este colindat\u0103, \u00een ultimii ani a devenit o tradi\u0163ie primirea colind\u0103torilor \u00een Sala de \u015eedin\u0163e a Consiliului Local sau pe holul institu\u0163iei.<\/p>\n<p style=\"text-align: justify;\"><!--more-->ngg_shortcode_0_placeholder<\/p>\n<p style=\"text-align: justify;\">\n","protected":false},"excerpt":{"rendered":"<p>\u00cen aceast\u0103 perioad\u0103, Prim\u0103ria Rovinari \u015fi-a deschis larg por\u0163ile colind\u0103torilor veni\u0163i s\u0103 vesteasc\u0103 Na\u015fterea Domnului. R\u00e2nd pe r\u00e2nd, mai mul\u0163i elevi de la unit\u0103\u0163ile de \u00eenv\u0103\u0163\u0103m\u00e2nt din ora\u015f, \u00eenso\u0163i\u0163i de cadrele didactice, au venit s\u0103 colinde institu\u0163ia noastr\u0103. Primarul Dorin Filip \u015fi consilierii locali au mul\u0163umit celor veni\u0163i cu colinda \u015fi le-au oferit acestora cadouri. [&hellip;]<\/p>\n","protected":false},"author":1001008,"featured_media":0,"comment_status":"open","ping_status":"open","sticky":false,"template":"","format":"standard","meta":{"ngg_post_thumbnail":0,"footnotes":""},"categories":[4],"tags":[285],"class_list":["post-2224","post","type-post","status-publish","format-standard","hentry","category-informatii-locale","tag-colindatori"],"_links":{"self":[{"href":"https:\/\/primariarovinari.ro\/old\/wp-json\/wp\/v2\/posts\/2224","targetHints":{"allow":["GET"]}}],"collection":[{"href":"https:\/\/primariarovinari.ro\/old\/wp-json\/wp\/v2\/posts"}],"about":[{"href":"https:\/\/primariarovinari.ro\/old\/wp-json\/wp\/v2\/types\/post"}],"author":[{"embeddable":true,"href":"https:\/\/primariarovinari.ro\/old\/wp-json\/wp\/v2\/users\/1001008"}],"replies":[{"embeddable":true,"href":"https:\/\/primariarovinari.ro\/old\/wp-json\/wp\/v2\/comments?post=2224"}],"version-history":[{"count":0,"href":"https:\/\/primariarovinari.ro\/old\/wp-json\/wp\/v2\/posts\/2224\/revisions"}],"wp:attachment":[{"href":"https:\/\/primariarovinari.ro\/old\/wp-json\/wp\/v2\/media?parent=2224"}],"wp:term":[{"taxonomy":"category","embeddable":true,"href":"https:\/\/primariarovinari.ro\/old\/wp-json\/wp\/v2\/categories?post=2224"},{"taxonomy":"post_tag","embeddable":true,"href":"https:\/\/primariarovinari.ro\/old\/wp-json\/wp\/v2\/tags?post=2224"}],"curies":[{"name":"wp","href":"https:\/\/api.w.org\/{rel}","templated":true}]}}