{"id":2173,"date":"2010-12-07T18:11:40","date_gmt":"2010-12-07T16:11:40","guid":{"rendered":"http:\/\/www.primariarovinari.ro\/?p=2173"},"modified":"2010-12-07T18:56:11","modified_gmt":"2010-12-07T16:56:11","slug":"06%e2%80%9312-decembrie-2010-festivalul-national-al-sanselor-tale-%e2%80%93-desfasurat-la-g-s-i-rovinari","status":"publish","type":"post","link":"https:\/\/primariarovinari.ro\/old\/2010\/12\/06%e2%80%9312-decembrie-2010-festivalul-national-al-sanselor-tale-%e2%80%93-desfasurat-la-g-s-i-rovinari\/","title":{"rendered":"06\u201312 decembrie 2010 &#8211; Festivalul Na\u0163ional al \u015eanselor Tale \u2013 desf\u0103\u015furat la G.S.I. Rovinari"},"content":{"rendered":"<p style=\"text-align: justify;\"><object style=\"width: 300px; height: 200px;\" classid=\"clsid:d27cdb6e-ae6d-11cf-96b8-444553540000\" width=\"300\" height=\"200\" codebase=\"http:\/\/download.macromedia.com\/pub\/shockwave\/cabs\/flash\/swflash.cab#version=6,0,40,0\"><param name=\"src\" value=\"http:\/\/www.youtube.com\/v\/72W0YbM3H0E\" \/><param name=\"align\" value=\"left\" \/><param name=\"vspace\" value=\"10\" \/><param name=\"hspace\" value=\"10\" \/><embed style=\"width: 300px; height: 200px;\" type=\"application\/x-shockwave-flash\" width=\"300\" height=\"200\" src=\"http:\/\/www.youtube.com\/v\/72W0YbM3H0E\" hspace=\"10\" vspace=\"10\" align=\"left\"><\/embed><\/object>Ieri, la Grupul \u015ecolar Industrial Rovinari, s-a deschis oficial a XI-a edi\u0163ie a s\u0103pt\u0103m\u00e2nii educa\u0163iei permanente, \u201eFestivalul Na\u0163ional al \u015eanselor Tale \u2013 Rom\u00e2nia 2010\u201d. Evenimentul se desf\u0103\u015foar\u0103 \u00een perioada 06 -12 decembrie 2010 \u00een colaborare cu Ministerul Educa\u0163iei, Cercet\u0103rii, Tineretului \u015fi Sportului, Inspectoratul \u015ecolar al Jude\u0163ului Gorj \u015fi Casa Corpului Didactic Gorj.<\/p>\n<p style=\"text-align: justify;\">La deschidere au participat cadre didactice \u015fi elevi de la GSI Rovinari, viceprimarul ora\u015fului Rovinari &#8211; Chivu Lauren\u0163iu, administratorul public al ora\u015fului Rovinari &#8211; Podaru Constantin, directorul Casei de Cultur\u0103 \u015fi Bibliotecii Rovinari &#8211; Bengulescu C\u0103t\u0103lin, reprezentan\u0163i de la Poli\u0163ia Rovinari \u015fi diver\u015fi agen\u0163i economici. Dup\u0103 discursurile din deschidere, cei prezen\u0163i au fost \u00eenc\u00e2nta\u0163i cu c\u00e2teva colinde \u015fi poezii. Cu ajutorul elevilor de la clasa a XI-a B \u015fi a doamnelor Popescu Paulina \u015fi Chiru Adina de la GSI Rovinari, la 10 copii defavoriza\u0163i din Rovinari a venit Mo\u015f Nicolae, cu dulciuri \u015fi fructe.<\/p>\n<p style=\"text-align: justify;\"><!--more-->La ora 16 \u00een Sala de Sedin\u0163e a Prim\u0103riei Rovinari a avut loc o \u00eent\u00e2lnirea dintre elevii \u015fi cadrele didactice GSI Rovinari cu viceprimarul Chivu Lauren\u0163iu \u015fi contabilul \u015fef Ungureanu Ion, pe tema transparen\u0163a administra\u0163iei publice. \u00cent\u00e2lnirea a avut loc \u00een cadrul Festivalului Na\u0163ional al \u015eanselor Tale.<\/p>\n<p style=\"text-align: center;\"><strong>Cadrele didactice \u015fi elevii Grupului \u015ecolar Industrial au oferit cadouri copiilor cu cerin\u0163e educative speciale<\/strong><\/p>\n<p style=\"text-align: justify;\"><object classid=\"clsid:d27cdb6e-ae6d-11cf-96b8-444553540000\" width=\"300\" height=\"200\" codebase=\"http:\/\/download.macromedia.com\/pub\/shockwave\/cabs\/flash\/swflash.cab#version=6,0,40,0\"><param name=\"src\" value=\"http:\/\/www.youtube.com\/v\/CLVOcUKAhkc\" \/><param name=\"align\" value=\"right\" \/><param name=\"vspace\" value=\"10\" \/><param name=\"hspace\" value=\"10\" \/><embed type=\"application\/x-shockwave-flash\" width=\"300\" height=\"200\" src=\"http:\/\/www.youtube.com\/v\/CLVOcUKAhkc\" hspace=\"10\" vspace=\"10\" align=\"right\"><\/embed><\/object>Luni, 06 decembrie 2010, \u00een cadrul Festivalului Na\u0163ional al \u015eanselor Tale, a fost organizat\u0103 o activitate educativ\u0103 de c\u0103tre elevi voluntari \u015fi profesori de la Grupul \u015ecolar Industrial Rovinari, activitate dedicat\u0103 copiilor cu cerin\u0163e educative speciale de la Centrul \u015ecolar de Educa\u0163ie Incluziv\u0103 Tg.-Jiu.<\/p>\n<p style=\"text-align: justify;\">Activitatea desf\u0103\u015furat\u0103 cu ocazia s\u0103rb\u0103torilor de iarn\u0103 a constat \u00een prezentarea unui program artistic dedicat copiilor de la \u015ecoala Incluziv\u0103 Tg.-Jiu. Acest program a fost sus\u0163inut de elevi din cadrul G.S.I. Rovinari, de la clasele a XI-a A, a XI-a D, a IX-a D, a IX-a F, a XII-a G, pregati\u0163i de prof. \u0162\u00eerc\u0103 Mihaela, prof. Vi\u015fan Camelia, prof. Popescu Mirabela, prof. Cruceru Roxana. Elevii au prezentat o scenet\u0103 specific\u0103 primei s\u0103rb\u0103tori a iernii intitulat\u0103 \u201eSf\u00e2ntul Nicolae \u015fi fetele s\u0103race\u201d, au recitat poezii \u015fi i-au \u00eenc\u00e2ntat pe copiii de acolo prin colindele \u015fi cadourile oferite.<\/p>\n<p style=\"text-align: justify;\">Activitatea a fost coordonat\u0103 de prof. Gridan Maria, care desf\u0103\u015foar\u0103 activit\u0103\u0163i de voluntariat \u00een cadrul S.N.A.C. \u00eenc\u0103 din anul \u015fcolar 2007-2008. Prim\u0103ria Rovinari a fost reprezentat\u0103 de prof. Chiru Adina-consilier local, fiind unul din promotorii ac\u0163iunii \u00eempreun\u0103 cu profesorii \u015fi elevii de la Grupul \u015ecolar Rovinari.<\/p>\n<p style=\"text-align: justify;\">ngg_shortcode_0_placeholder<\/p>\n<p style=\"text-align: justify;\">\n","protected":false},"excerpt":{"rendered":"<p>Ieri, la Grupul \u015ecolar Industrial Rovinari, s-a deschis oficial a XI-a edi\u0163ie a s\u0103pt\u0103m\u00e2nii educa\u0163iei permanente, \u201eFestivalul Na\u0163ional al \u015eanselor Tale \u2013 Rom\u00e2nia 2010\u201d. Evenimentul se desf\u0103\u015foar\u0103 \u00een perioada 06 -12 decembrie 2010 \u00een colaborare cu Ministerul Educa\u0163iei, Cercet\u0103rii, Tineretului \u015fi Sportului, Inspectoratul \u015ecolar al Jude\u0163ului Gorj \u015fi Casa Corpului Didactic Gorj. La deschidere au [&hellip;]<\/p>\n","protected":false},"author":1001008,"featured_media":0,"comment_status":"open","ping_status":"open","sticky":false,"template":"","format":"standard","meta":{"ngg_post_thumbnail":0,"footnotes":""},"categories":[13],"tags":[278,206],"class_list":["post-2173","post","type-post","status-publish","format-standard","hentry","category-invatamant","tag-festivalul-national-sanselor-tale","tag-gsi"],"_links":{"self":[{"href":"https:\/\/primariarovinari.ro\/old\/wp-json\/wp\/v2\/posts\/2173","targetHints":{"allow":["GET"]}}],"collection":[{"href":"https:\/\/primariarovinari.ro\/old\/wp-json\/wp\/v2\/posts"}],"about":[{"href":"https:\/\/primariarovinari.ro\/old\/wp-json\/wp\/v2\/types\/post"}],"author":[{"embeddable":true,"href":"https:\/\/primariarovinari.ro\/old\/wp-json\/wp\/v2\/users\/1001008"}],"replies":[{"embeddable":true,"href":"https:\/\/primariarovinari.ro\/old\/wp-json\/wp\/v2\/comments?post=2173"}],"version-history":[{"count":0,"href":"https:\/\/primariarovinari.ro\/old\/wp-json\/wp\/v2\/posts\/2173\/revisions"}],"wp:attachment":[{"href":"https:\/\/primariarovinari.ro\/old\/wp-json\/wp\/v2\/media?parent=2173"}],"wp:term":[{"taxonomy":"category","embeddable":true,"href":"https:\/\/primariarovinari.ro\/old\/wp-json\/wp\/v2\/categories?post=2173"},{"taxonomy":"post_tag","embeddable":true,"href":"https:\/\/primariarovinari.ro\/old\/wp-json\/wp\/v2\/tags?post=2173"}],"curies":[{"name":"wp","href":"https:\/\/api.w.org\/{rel}","templated":true}]}}