{"id":2131,"date":"2010-11-27T19:43:48","date_gmt":"2010-11-27T17:43:48","guid":{"rendered":"http:\/\/www.primariarovinari.ro\/?p=2131"},"modified":"2010-12-02T08:15:21","modified_gmt":"2010-12-02T06:15:21","slug":"recensamantul-general-agricol-decembrie-2010-ianuarie-2011","status":"publish","type":"post","link":"https:\/\/primariarovinari.ro\/old\/2010\/11\/recensamantul-general-agricol-decembrie-2010-ianuarie-2011\/","title":{"rendered":"Recens\u0103m\u00e2ntul General Agricol 2 decembrie 2010 &#8211; 31 ianuarie 2011"},"content":{"rendered":"<p style=\"text-align: center;\"><object style=\"width: 270px; height: 195px;\" classid=\"clsid:d27cdb6e-ae6d-11cf-96b8-444553540000\" width=\"270\" height=\"195\" codebase=\"http:\/\/download.macromedia.com\/pub\/shockwave\/cabs\/flash\/swflash.cab#version=6,0,40,0\"><param name=\"src\" value=\"http:\/\/www.youtube.com\/v\/ferhmrG25M0\" \/><embed style=\"width: 270px; height: 195px;\" type=\"application\/x-shockwave-flash\" width=\"270\" height=\"195\" src=\"http:\/\/www.youtube.com\/v\/ferhmrG25M0\"><\/embed><\/object> <object style=\"width: 270px; height: 195px;\" classid=\"clsid:d27cdb6e-ae6d-11cf-96b8-444553540000\" width=\"270\" height=\"195\" codebase=\"http:\/\/download.macromedia.com\/pub\/shockwave\/cabs\/flash\/swflash.cab#version=6,0,40,0\"><param name=\"src\" value=\"http:\/\/www.youtube.com\/v\/RKtLfWi8NuQ\" \/><embed style=\"width: 270px; height: 195px;\" type=\"application\/x-shockwave-flash\" width=\"270\" height=\"195\" src=\"http:\/\/www.youtube.com\/v\/RKtLfWi8NuQ\"><\/embed><\/object><\/p>\n<p style=\"text-align: justify;\">Joi, 2 decembrie 2010\u00a0 \u00eencepe opera\u0163iunea de culegere \u00een teren a datelor Recens\u0103m\u00e2ntului General Agricol, primul desf\u0103\u015furat \u00een Rom\u00e2nia dup\u0103 aderarea \u0163\u0103rii noastre la Uniunea European\u0103. Efectuat de Ministerul Agriculturii \u015fi Dezvolt\u0103rii Rurale, Institutul Na\u0163ional de Statistic\u0103 \u015fi Ministerul Administra\u0163iei \u015fi Internelor, sub coordonarea Comisiei Centrale pentru Recens\u0103m\u00e2ntul General Agricol, recens\u0103m\u00e2ntul este organizat \u00een conformitate cu metodologia european\u0103 \u015fi \u00eenregistreaz\u0103 toate unit\u0103\u0163ile care desf\u0103\u015foar\u0103 activitate agricol\u0103.<\/p>\n<p style=\"text-align: justify;\"><!--more-->Toate informa\u0163iile ob\u0163inute \u00een teren, de c\u0103tre recenzori pe baza declara\u0163iilor celor care desf\u0103\u015foar\u0103 activit\u0103\u0163i agricole, au caracter confiden\u0163ial \u015fi vor fi folosite numai \u00een scopuri statistice. Datele vor fi culese prin interviu fa\u0163\u0103 \u00een fa\u0163\u0103 de c\u0103tre recenzori pentru exploata\u0163iile agricole f\u0103r\u0103 personalitate juridic\u0103, \u015fi prin auto-\u00eenregistrare, sub \u00eendrumarea recenzorilor \u015fefi\/coordonatorilor, la unit\u0103\u0163ile cu personalitate juridic\u0103.<\/p>\n<p style=\"text-align: justify;\">\u00cen activitatea de recenzare sunt implica\u0163i circa: 30.000 de recenzori, 5000 recenzori \u015fefi, 3250 de coordonatori \u015fi 140 recenzori pentru Ancheta de control. \u00cen spiritul transparen\u0163ei, \u015fi pentru asigurarea calit\u0103\u0163ii \u00eenregistr\u0103rilor prin solu\u0163ionarea \u00een timp real a tuturor neclarit\u0103\u0163ilor ce pot ap\u0103rea pe parcursul desf\u0103\u015fur\u0103rii recens\u0103m\u00e2ntului, a fost creat un centru de contact care poate fi apelat 24 de ore din 24.<\/p>\n<p style=\"text-align: justify;\">Mijloacele de contact sunt: telefonic la num\u0103rul 1741 in re\u0163elele : Vodafone, Orange si Cosmote sau 021 9201 in re\u0163eaua Romtelecom; prin fax la num\u0103rul 021 318 18 73 \u015fi\u00a0 e-mail: rga2010@insse.ro<\/p>\n<p style=\"text-align: justify;\">Conform Regulamentului Parlamentului European \u015fi al Consiliului nr 1166\/2008 exploata\u0163ia agricol\u0103 este definit\u0103 ca o unitate tehnico-economic\u0103 de sine st\u0103t\u0103toare, cu o gestiune unic\u0103 \u015fi care desf\u0103\u015foar\u0103 activit\u0103\u0163i agricole prin utilizarea suprafe\u0163elor agricole \u015fi\/sau cre\u015fterea animalelor sau activit\u0103\u0163i de men\u0163inere a terenurilor agricole \u00een bune condi\u0163ii agricole \u015fi de mediu, fie ca activitate principala, fie ca activitate secundar\u0103.<br \/>\nMomentul \u015fi perioadele de referin\u0163\u0103 sunt:<br \/>\n\u2022\u00a0\u00a0 \u00a0Ziua de 1 decembrie 2010, pentru efectivele de animale;<br \/>\n\u2022\u00a0\u00a0 \u00a0Anul agricol 2010 (30 septembrie 2009 \u2013 1 octombrie 2010), pentru terenuri \u015fi celelalte informa\u0163ii;<br \/>\n\u2022\u00a0\u00a0 \u00a0Ultimii 3 ani, pentru dezvoltarea rural\u0103 \u015fi suprafa\u0163a efectiv irigat\u0103<\/p>\n<p style=\"text-align: justify;\">Primele rezultate cu principalii indicatori (rezultate provizorii) vor fi difuzate \u00een luna iunie 2011, rezultatele finale urm\u00e2nd a fi f\u0103cute publice \u015fi transmise la Eurostat, \u00eenso\u0163ite de raportul metodologic, la data de 30 iunie 2012.<br \/>\nRezultatele la nivel na\u0163ional vor fi diseminate prin comunicate de pres\u0103 \u015fi sub forma unor publica\u0163ii tip\u0103rite : rezultate provizorii (1 volum) \u00een luna iunie 2011; rezultate definitive (5 volume, 1 cu date la nivel na\u0163ional \u015fi 4 cu date pe macroregiuni, regiuni de dezvoltare \u015fi jude\u0163e) carte + CD, \u00een luna decembrie 2012.<\/p>\n<p style=\"text-align: justify;\">Ca urmare a gamei detaliate a variabilelor ce fac obiectul acestei cercet\u0103ri statistice de mare anvergur\u0103, va fi posibil\u0103 cunoa\u015fterea nivelului agriculturii rom\u00e2ne\u015fti, \u00een ceea ce prive\u015fte caracteristicile ei structurale, dimensiunea economic\u0103, tipologia exploata\u0163iilor agricole, evolu\u0163ia acestor caracteristici, \u00een perioada parcurs\u0103 de la ultimul recens\u0103m\u00e2nt general agricol din Rom\u00e2nia, din anul 2002.<\/p>\n<p style=\"text-align: justify;\">Rezultatele\u00a0 Recens\u0103m\u00e2ntului General Agricol 2010, \u00een concordan\u0163\u0103 cu normele \u015fi standardele interna\u0163ionale, cu prec\u0103dere cele ale Uniunii Europene, vor constitui o pre\u0163ioas\u0103 baz\u0103 documentar\u0103 pentru fundamentarea politicilor de dezvoltare rural\u0103 \u015fi a agriculturii rom\u00e2ne\u015fti, \u00een fundamentarea deciziilor economice \u015fi sectoriale, a strategiilor \u015fi programelor de dezvoltare echilibrat\u0103 \u015fi armonizat\u0103 a macroregiunilor, regiunilor de dezvoltare \u015fi jude\u0163elor \u0163\u0103rii.<\/p>\n<p style=\"text-align: justify;\">Realizarea acestui deziderat implic\u0103 o larg\u0103 ac\u0163iune de con\u015ftientizare a popula\u0163iei pentru o cooperare activ\u0103 \u015fi sincer\u0103 cu personalul de recenzare, o activitate \u00een care mass-media poate juca un rol cov\u00e2r\u015fitor prin transmiterea cu promptitudine \u015fi corectitudine a mesajului privind scopul \u015fi obiectivele, exclusiv statistice, ale recens\u0103m\u00e2ntului.<\/p>\n<p style=\"text-align: center;\"><object style=\"width: 500px; height: 340px;\" classid=\"clsid:d27cdb6e-ae6d-11cf-96b8-444553540000\" width=\"500\" height=\"340\" codebase=\"http:\/\/download.macromedia.com\/pub\/shockwave\/cabs\/flash\/swflash.cab#version=6,0,40,0\"><param name=\"src\" value=\"http:\/\/www.youtube.com\/v\/6DZvTNvw9hg\" \/><embed style=\"width: 500px; height: 340px;\" type=\"application\/x-shockwave-flash\" width=\"500\" height=\"340\" src=\"http:\/\/www.youtube.com\/v\/6DZvTNvw9hg\"><\/embed><\/object><\/p>\n<p style=\"text-align: justify;\">Mai multe informa\u0163ii pe <a href=\"http:\/\/www.recensamantagricol2010.ro\/\" target=\"_blank\">www.recensamantagricol2010.ro<\/a><\/p>\n","protected":false},"excerpt":{"rendered":"<p>Joi, 2 decembrie 2010\u00a0 \u00eencepe opera\u0163iunea de culegere \u00een teren a datelor Recens\u0103m\u00e2ntului General Agricol, primul desf\u0103\u015furat \u00een Rom\u00e2nia dup\u0103 aderarea \u0163\u0103rii noastre la Uniunea European\u0103. Efectuat de Ministerul Agriculturii \u015fi Dezvolt\u0103rii Rurale, Institutul Na\u0163ional de Statistic\u0103 \u015fi Ministerul Administra\u0163iei \u015fi Internelor, sub coordonarea Comisiei Centrale pentru Recens\u0103m\u00e2ntul General Agricol, recens\u0103m\u00e2ntul este organizat \u00een conformitate [&hellip;]<\/p>\n","protected":false},"author":1001008,"featured_media":0,"comment_status":"open","ping_status":"open","sticky":false,"template":"","format":"standard","meta":{"ngg_post_thumbnail":0,"footnotes":""},"categories":[151],"tags":[276],"class_list":["post-2131","post","type-post","status-publish","format-standard","hentry","category-informatii-publice","tag-recensamant-agricol"],"_links":{"self":[{"href":"https:\/\/primariarovinari.ro\/old\/wp-json\/wp\/v2\/posts\/2131","targetHints":{"allow":["GET"]}}],"collection":[{"href":"https:\/\/primariarovinari.ro\/old\/wp-json\/wp\/v2\/posts"}],"about":[{"href":"https:\/\/primariarovinari.ro\/old\/wp-json\/wp\/v2\/types\/post"}],"author":[{"embeddable":true,"href":"https:\/\/primariarovinari.ro\/old\/wp-json\/wp\/v2\/users\/1001008"}],"replies":[{"embeddable":true,"href":"https:\/\/primariarovinari.ro\/old\/wp-json\/wp\/v2\/comments?post=2131"}],"version-history":[{"count":0,"href":"https:\/\/primariarovinari.ro\/old\/wp-json\/wp\/v2\/posts\/2131\/revisions"}],"wp:attachment":[{"href":"https:\/\/primariarovinari.ro\/old\/wp-json\/wp\/v2\/media?parent=2131"}],"wp:term":[{"taxonomy":"category","embeddable":true,"href":"https:\/\/primariarovinari.ro\/old\/wp-json\/wp\/v2\/categories?post=2131"},{"taxonomy":"post_tag","embeddable":true,"href":"https:\/\/primariarovinari.ro\/old\/wp-json\/wp\/v2\/tags?post=2131"}],"curies":[{"name":"wp","href":"https:\/\/api.w.org\/{rel}","templated":true}]}}