{"id":2125,"date":"2010-11-26T10:06:49","date_gmt":"2010-11-26T08:06:49","guid":{"rendered":"http:\/\/www.primariarovinari.ro\/?p=2125"},"modified":"2010-11-26T11:21:59","modified_gmt":"2010-11-26T09:21:59","slug":"programul-zilei-de-1-decembrie-2010-%e2%80%93-ziua-nationala-a-romaniei","status":"publish","type":"post","link":"https:\/\/primariarovinari.ro\/old\/2010\/11\/programul-zilei-de-1-decembrie-2010-%e2%80%93-ziua-nationala-a-romaniei\/","title":{"rendered":"Programul zilei de 1 decembrie 2010 \u2013 Ziua Na\u0163ional\u0103 a Rom\u00e2niei"},"content":{"rendered":"<p style=\"text-align: justify;\"><a href=\"http:\/\/www.primariarovinari.ro\/wp-content\/uploads\/2010\/11\/1-Decembrie.jpg\"><img loading=\"lazy\" decoding=\"async\" class=\"alignright size-medium wp-image-2126\" title=\"1 Decembrie\" src=\"http:\/\/www.primariarovinari.ro\/wp-content\/uploads\/2010\/11\/1-Decembrie-300x219.jpg\" alt=\"\" width=\"300\" height=\"219\" srcset=\"https:\/\/primariarovinari.ro\/old\/wp-content\/uploads\/2010\/11\/1-Decembrie-300x219.jpg 300w, https:\/\/primariarovinari.ro\/old\/wp-content\/uploads\/2010\/11\/1-Decembrie.jpg 1000w\" sizes=\"auto, (max-width: 300px) 100vw, 300px\" \/><\/a>Prim\u0103ria \u015fi Consiliul Local Rovinari, \u00eempreun\u0103 cu Casa de Cultur\u0103 \u015fi Biblioteca Rovinari, v\u0103 invit\u0103 miercuri 1 decembrie 2010, pe Bulevardul Minerilor, s\u0103 anivers\u0103m \u00eempreun\u0103 \u2013 Ziua Na\u0163ional\u0103 a Rom\u00e2niei.<\/p>\n<p style=\"text-align: justify;\">Deschiderea manifest\u0103rii va avea loc la orele 10:00, fiind urmat\u0103 de discursuri ale oficialit\u0103\u0163ilor locale, ceremonia religioas\u0103, spectacol de muzic\u0103 popular\u0103 sus\u0163inut de Clubul Elevilor Rovinari \u015fi Gr\u0103dini\u0163a Nr.1 Rovinari.<\/p>\n<p style=\"text-align: justify;\">Tot pe 1 decembrie, primarul Dorin Filip va \u00eenm\u00e2na cheile apartamentelor de pe Bulevardul Minerilor, persoanelor care au solicitat \u00eenchirierea unui apartament \u00een blocul L4.<\/p>\n","protected":false},"excerpt":{"rendered":"<p>Prim\u0103ria \u015fi Consiliul Local Rovinari, \u00eempreun\u0103 cu Casa de Cultur\u0103 \u015fi Biblioteca Rovinari, v\u0103 invit\u0103 miercuri 1 decembrie 2010, pe Bulevardul Minerilor, s\u0103 anivers\u0103m \u00eempreun\u0103 \u2013 Ziua Na\u0163ional\u0103 a Rom\u00e2niei. Deschiderea manifest\u0103rii va avea loc la orele 10:00, fiind urmat\u0103 de discursuri ale oficialit\u0103\u0163ilor locale, ceremonia religioas\u0103, spectacol de muzic\u0103 popular\u0103 sus\u0163inut de Clubul Elevilor [&hellip;]<\/p>\n","protected":false},"author":1001008,"featured_media":0,"comment_status":"open","ping_status":"open","sticky":false,"template":"","format":"standard","meta":{"ngg_post_thumbnail":0,"footnotes":""},"categories":[9],"tags":[81,80],"class_list":["post-2125","post","type-post","status-publish","format-standard","hentry","category-anunturi","tag-1-decembrie","tag-ziua-nationala"],"_links":{"self":[{"href":"https:\/\/primariarovinari.ro\/old\/wp-json\/wp\/v2\/posts\/2125","targetHints":{"allow":["GET"]}}],"collection":[{"href":"https:\/\/primariarovinari.ro\/old\/wp-json\/wp\/v2\/posts"}],"about":[{"href":"https:\/\/primariarovinari.ro\/old\/wp-json\/wp\/v2\/types\/post"}],"author":[{"embeddable":true,"href":"https:\/\/primariarovinari.ro\/old\/wp-json\/wp\/v2\/users\/1001008"}],"replies":[{"embeddable":true,"href":"https:\/\/primariarovinari.ro\/old\/wp-json\/wp\/v2\/comments?post=2125"}],"version-history":[{"count":0,"href":"https:\/\/primariarovinari.ro\/old\/wp-json\/wp\/v2\/posts\/2125\/revisions"}],"wp:attachment":[{"href":"https:\/\/primariarovinari.ro\/old\/wp-json\/wp\/v2\/media?parent=2125"}],"wp:term":[{"taxonomy":"category","embeddable":true,"href":"https:\/\/primariarovinari.ro\/old\/wp-json\/wp\/v2\/categories?post=2125"},{"taxonomy":"post_tag","embeddable":true,"href":"https:\/\/primariarovinari.ro\/old\/wp-json\/wp\/v2\/tags?post=2125"}],"curies":[{"name":"wp","href":"https:\/\/api.w.org\/{rel}","templated":true}]}}