{"id":21003,"date":"2026-06-09T09:43:32","date_gmt":"2026-06-09T06:43:32","guid":{"rendered":"https:\/\/www.primariarovinari.ro\/?p=21003"},"modified":"2026-06-09T09:43:32","modified_gmt":"2026-06-09T06:43:32","slug":"anunt-97","status":"publish","type":"post","link":"https:\/\/primariarovinari.ro\/old\/2026\/06\/anunt-97\/","title":{"rendered":"ANUN\u021a"},"content":{"rendered":"<h2><strong>&nbsp;&nbsp;&nbsp;&nbsp;&nbsp; &nbsp;&nbsp;Prim\u0103ria Ora\u0219ului Rovinari aduce la cuno\u0219tin\u021b\u0103 proprietarilor \u0219i locatarilor apartamentelor dotate cu convectoare&nbsp; pe gaz c\u0103, \u00een urma lucr\u0103rilor de anvelopare termic\u0103 a blocurilor, \u00een unele situa\u021bii gurile de aerisire necesare func\u021bion\u0103rii \u00een siguran\u021b\u0103&nbsp; a acestor aparate nu mai respect\u0103 condi\u021biile tehnice prev\u0103zute de normele \u00een vigoare.<\/strong><\/h2>\n<h2><strong>&nbsp; &nbsp;&nbsp;&nbsp;Men\u021binerea convectoarelor f\u0103r\u0103 o aerisire corespunz\u0103toare poate genera riscuri majore pentru s\u0103n\u0103tatea \u0219i siguran\u021ba locatarilor, inclusiv acumul\u0103ri de gaze periculoase, func\u021bionarea defectuoas\u0103 a aparatelor \u0219i posibilitaea producerii unor accidente.<\/strong><\/h2>\n<h2><strong>&nbsp;&nbsp; &nbsp;&nbsp;\u00cen acest sens, rug\u0103m to\u021bi locatarii care utilizeaz\u0103 convectoare pe gaz s\u0103 verifice de urgen\u021b\u0103 starea \u0219i conformitatea gurilor de aerisire \u0219i, dac\u0103 este cazul, s\u0103 ia m\u0103surile necesare pentru readucerea acestora la parametri tehnici corespunz\u0103tori, cu sprijinul unor firme autorizate.<\/strong><\/h2>\n<h2><strong>&nbsp;&nbsp;&nbsp;&nbsp; Recomand\u0103m efectuarea verific\u0103rilor \u0219i remedirea eventualelor neconformit\u0103\u021bi \u00een cel mai scurt timp, pentru a preveni orice situa\u021bie care ar putea pune \u00een pericol via\u021ba, s\u0103n\u0103tatea sau bunurile locatarilor.<\/strong><\/h2>\n<h2><strong>&nbsp;&nbsp;&nbsp; &nbsp;V\u0103 mul\u021bumim pentru \u00eentelegere \u0219i pentru responsabilitatea de care da\u021bi dovad\u0103 \u00een asigurarea siguran\u021bei locuin\u021belor dumneavoastr\u0103.&nbsp;&nbsp; <\/strong><\/h2>\n<p><strong>&nbsp;&nbsp;&nbsp;&nbsp;&nbsp;&nbsp;&nbsp;&nbsp;&nbsp;&nbsp;&nbsp;&nbsp;&nbsp;&nbsp;&nbsp;&nbsp;&nbsp;&nbsp;&nbsp;&nbsp;&nbsp;&nbsp;&nbsp;&nbsp;&nbsp;&nbsp;&nbsp;&nbsp;&nbsp;&nbsp;&nbsp;&nbsp;&nbsp;&nbsp;&nbsp;&nbsp;&nbsp;&nbsp;&nbsp;&nbsp;&nbsp;&nbsp;&nbsp;&nbsp;&nbsp;&nbsp;&nbsp;&nbsp;&nbsp;&nbsp;&nbsp;&nbsp;&nbsp;&nbsp;&nbsp;&nbsp;&nbsp; &nbsp;&nbsp;&nbsp;<\/strong><\/p>\n<p><strong>&nbsp;&nbsp;&nbsp;&nbsp; Cu stim\u0103,<\/strong><strong>&nbsp;<\/strong><\/p>\n<p><strong>&nbsp;&nbsp;&nbsp;&nbsp;&nbsp;&nbsp;&nbsp;&nbsp; &nbsp;Primar,&nbsp; &nbsp; &nbsp; &nbsp; &nbsp; &nbsp; &nbsp; &nbsp; &nbsp; &nbsp; &nbsp; &nbsp; &nbsp; &nbsp; &nbsp; &nbsp; &nbsp; &nbsp; &nbsp; &nbsp; &nbsp; &nbsp; &nbsp; &nbsp; &nbsp; &nbsp; &nbsp; &nbsp; &nbsp; &nbsp; &nbsp; &nbsp; &nbsp; Director Executiv,&nbsp; &nbsp; &nbsp; &nbsp; &nbsp; &nbsp; &nbsp; &nbsp; &nbsp; &nbsp; &nbsp; &nbsp; &nbsp; &nbsp; &nbsp; &nbsp; &nbsp; &nbsp; &nbsp; &nbsp; &nbsp; &nbsp; &nbsp; &nbsp; &nbsp; &nbsp; &nbsp; &nbsp; &nbsp; &nbsp; &nbsp; &nbsp; &nbsp; &nbsp; &nbsp; &nbsp; &nbsp; &nbsp; &nbsp; &nbsp; &nbsp; &nbsp; &nbsp; &nbsp; &nbsp; &nbsp; &nbsp; &nbsp; &nbsp; &nbsp; &nbsp; &nbsp; &nbsp;\u00centocmit,<\/strong><\/p>\n<p><strong>&nbsp;&nbsp;&nbsp;&nbsp;&nbsp; Robert-Dorin Filip&nbsp;&nbsp;&nbsp;&nbsp;&nbsp;&nbsp;&nbsp;&nbsp;&nbsp;&nbsp;&nbsp;&nbsp;&nbsp;&nbsp;&nbsp;&nbsp;&nbsp;&nbsp;&nbsp;&nbsp;&nbsp;&nbsp;&nbsp;&nbsp;&nbsp;&nbsp;&nbsp;&nbsp;&nbsp;&nbsp;&nbsp;&nbsp;&nbsp; Direc\u021bia Administrare Patrimoniu,&nbsp;&nbsp;<\/strong><\/p>\n<p><strong>&nbsp; &nbsp; &nbsp; &nbsp; &nbsp; &nbsp; &nbsp; &nbsp; &nbsp; &nbsp; &nbsp; &nbsp; &nbsp; &nbsp; &nbsp; &nbsp; &nbsp; &nbsp; &nbsp; &nbsp; &nbsp; &nbsp; &nbsp; &nbsp; &nbsp; &nbsp; &nbsp; &nbsp; &nbsp; &nbsp; &nbsp; &nbsp; &nbsp; &nbsp; &nbsp; &nbsp; &nbsp; &nbsp; &nbsp; &nbsp; &nbsp; &nbsp; &nbsp; &nbsp; Paul Alexandru Pod\u0103relu<\/strong>&nbsp; &nbsp; &nbsp; &nbsp; &nbsp; &nbsp; &nbsp; &nbsp; &nbsp; &nbsp; &nbsp; &nbsp; &nbsp; &nbsp; &nbsp; &nbsp; &nbsp; &nbsp; &nbsp; &nbsp; &nbsp; &nbsp; &nbsp; &nbsp; &nbsp; &nbsp; &nbsp; &nbsp; &nbsp; &nbsp; &nbsp; &nbsp; &nbsp; &nbsp; &nbsp; &nbsp; &nbsp; &nbsp; &nbsp; &nbsp; &nbsp; <strong>Natalia Loredana Pup\u0103zan<\/strong><\/p>\n","protected":false},"excerpt":{"rendered":"<p>&nbsp;&nbsp;&nbsp;&nbsp;&nbsp; &nbsp;&nbsp;Prim\u0103ria Ora\u0219ului Rovinari aduce la cuno\u0219tin\u021b\u0103 proprietarilor \u0219i locatarilor apartamentelor dotate cu convectoare&nbsp; pe gaz c\u0103, \u00een urma lucr\u0103rilor de anvelopare termic\u0103 a blocurilor, \u00een unele situa\u021bii gurile de aerisire necesare func\u021bion\u0103rii \u00een siguran\u021b\u0103&nbsp; a acestor aparate nu mai respect\u0103 condi\u021biile tehnice prev\u0103zute de normele \u00een vigoare. &nbsp; &nbsp;&nbsp;&nbsp;Men\u021binerea convectoarelor f\u0103r\u0103 o aerisire corespunz\u0103toare [&hellip;]<\/p>\n","protected":false},"author":1001022,"featured_media":0,"comment_status":"closed","ping_status":"closed","sticky":false,"template":"","format":"standard","meta":{"ngg_post_thumbnail":0,"footnotes":""},"categories":[1,9],"tags":[],"class_list":["post-21003","post","type-post","status-publish","format-standard","hentry","category-altele","category-anunturi"],"_links":{"self":[{"href":"https:\/\/primariarovinari.ro\/old\/wp-json\/wp\/v2\/posts\/21003","targetHints":{"allow":["GET"]}}],"collection":[{"href":"https:\/\/primariarovinari.ro\/old\/wp-json\/wp\/v2\/posts"}],"about":[{"href":"https:\/\/primariarovinari.ro\/old\/wp-json\/wp\/v2\/types\/post"}],"author":[{"embeddable":true,"href":"https:\/\/primariarovinari.ro\/old\/wp-json\/wp\/v2\/users\/1001022"}],"replies":[{"embeddable":true,"href":"https:\/\/primariarovinari.ro\/old\/wp-json\/wp\/v2\/comments?post=21003"}],"version-history":[{"count":0,"href":"https:\/\/primariarovinari.ro\/old\/wp-json\/wp\/v2\/posts\/21003\/revisions"}],"wp:attachment":[{"href":"https:\/\/primariarovinari.ro\/old\/wp-json\/wp\/v2\/media?parent=21003"}],"wp:term":[{"taxonomy":"category","embeddable":true,"href":"https:\/\/primariarovinari.ro\/old\/wp-json\/wp\/v2\/categories?post=21003"},{"taxonomy":"post_tag","embeddable":true,"href":"https:\/\/primariarovinari.ro\/old\/wp-json\/wp\/v2\/tags?post=21003"}],"curies":[{"name":"wp","href":"https:\/\/api.w.org\/{rel}","templated":true}]}}