{"id":20966,"date":"2026-05-19T11:44:27","date_gmt":"2026-05-19T08:44:27","guid":{"rendered":"https:\/\/www.primariarovinari.ro\/?p=20966"},"modified":"2026-05-19T11:44:27","modified_gmt":"2026-05-19T08:44:27","slug":"invitatie","status":"publish","type":"post","link":"https:\/\/primariarovinari.ro\/old\/2026\/05\/invitatie\/","title":{"rendered":"Invita\u021bie"},"content":{"rendered":"<div class=\"xdj266r x14z9mp xat24cr x1lziwak x1vvkbs x126k92a\">\n<div dir=\"auto\">&nbsp;<\/div>\n<\/div>\n<div class=\"x14z9mp xat24cr x1lziwak x1vvkbs xtlvy1s x126k92a\">\n<h1 dir=\"auto\"><span class=\"html-span xexx8yu xyri2b x18d9i69 x1c1uobl x1hl2dhg x16tdsg8 x1vvkbs x3nfvp2 x1j61x8r x1fcty0u xdj266r xat24cr xm2jcoa x1mpyi22 xxymvpz xlup9mm x1kky2od\"><img loading=\"lazy\" decoding=\"async\" class=\"xz74otr x15mokao x1ga7v0g x16uus16 xbiv7yw\" src=\"https:\/\/static.xx.fbcdn.net\/images\/emoji.php\/v9\/t49\/1\/16\/1f4da.png\" alt=\"\ud83d\udcda\" width=\"16\" height=\"16\"><\/span>Uniunea Ziari\u015ftilor Profesioni\u0219ti din Rom\u00e2nia, Filiala ,,Mihai Eminescu&#8221; Timis, Prim\u0103ria ora\u0219ului Rovinari \u0219i Liceul \u201cGheorghe T\u0103t\u0103rescu\u201d, v\u0103 invit\u0103 vineri, 22 mai 2026, ora 12:00, la evenimentul cultural intitulat \u201cLa Rovinari, prim\u0103vara a venit cu parfum de poezie\u201d, \u00een cadrul c\u0103ruia vor fi prezentate c\u0103r\u021bile \u201cNichita \u0219i \u00eengerul de rou\u0103\u201d, \u201cEminescu, un vis \u00een a\u0219teptare\u201d \u0219i \u201cLicen\u021biat \u00een iubire\u201d ale poetului \u0219i jurnalistului Dumitru Bu\u021boi, pre\u0219edinte al Filialei \u201eMihai Eminescu\u201d Timi\u0219 a UZPR.<\/h1>\n<\/div>\n<div dir=\"auto\"><span class=\"html-span xexx8yu xyri2b x18d9i69 x1c1uobl x1hl2dhg x16tdsg8 x1vvkbs x3nfvp2 x1j61x8r x1fcty0u xdj266r xat24cr xm2jcoa x1mpyi22 xxymvpz xlup9mm x1kky2od\"><img loading=\"lazy\" decoding=\"async\" class=\"xz74otr x15mokao x1ga7v0g x16uus16 xbiv7yw\" src=\"https:\/\/static.xx.fbcdn.net\/images\/emoji.php\/v9\/t9e\/1\/16\/1f4d6.png\" alt=\"\ud83d\udcd6\" width=\"16\" height=\"16\"><\/span>OASPETE DE ONOARE: Poeta Elena Irimescu &#8211; Italia, cu volumul \u201eArme \u0219i trandafiri&#8221; editura \u201eArmonii culturale&#8221; 2021.<\/div>\n<div dir=\"auto\"><span class=\"html-span xexx8yu xyri2b x18d9i69 x1c1uobl x1hl2dhg x16tdsg8 x1vvkbs x3nfvp2 x1j61x8r x1fcty0u xdj266r xat24cr xm2jcoa x1mpyi22 xxymvpz xlup9mm x1kky2od\"><img loading=\"lazy\" decoding=\"async\" class=\"xz74otr x15mokao x1ga7v0g x16uus16 xbiv7yw\" src=\"https:\/\/static.xx.fbcdn.net\/images\/emoji.php\/v9\/t2d\/1\/16\/1f4cd.png\" alt=\"\ud83d\udccd\" width=\"16\" height=\"16\"><\/span>Loca\u021bie &#8211; Liceul \u201cGheorghe T\u0103t\u0103rescu\u201d Rovinari, Strada Jiului, Nr.1.<\/div>\n<div class=\"x14z9mp xat24cr x1lziwak x1vvkbs xtlvy1s x126k92a\">\n<h1 dir=\"auto\">V\u0103 a\u0219tept\u0103m cu drag!<\/h1>\n<div id=\"attachment_20967\" style=\"width: 641px\" class=\"wp-caption aligncenter\"><img loading=\"lazy\" decoding=\"async\" aria-describedby=\"caption-attachment-20967\" class=\" wp-image-20967\" src=\"https:\/\/www.primariarovinari.ro\/wp-content\/uploads\/2026\/05\/20260519_083948_0001-724x1024.jpg\" alt=\"\" width=\"631\" height=\"892\" srcset=\"https:\/\/primariarovinari.ro\/old\/wp-content\/uploads\/2026\/05\/20260519_083948_0001-724x1024.jpg 724w, https:\/\/primariarovinari.ro\/old\/wp-content\/uploads\/2026\/05\/20260519_083948_0001-119x168.jpg 119w, https:\/\/primariarovinari.ro\/old\/wp-content\/uploads\/2026\/05\/20260519_083948_0001-768x1086.jpg 768w, https:\/\/primariarovinari.ro\/old\/wp-content\/uploads\/2026\/05\/20260519_083948_0001-1086x1536.jpg 1086w, https:\/\/primariarovinari.ro\/old\/wp-content\/uploads\/2026\/05\/20260519_083948_0001-1448x2048.jpg 1448w, https:\/\/primariarovinari.ro\/old\/wp-content\/uploads\/2026\/05\/20260519_083948_0001-scaled.jpg 1810w\" sizes=\"auto, (max-width: 631px) 100vw, 631px\" \/><p id=\"caption-attachment-20967\" class=\"wp-caption-text\">EPSON MFP image<\/p><\/div>\n<\/div>\n","protected":false},"excerpt":{"rendered":"<p>&nbsp; Uniunea Ziari\u015ftilor Profesioni\u0219ti din Rom\u00e2nia, Filiala ,,Mihai Eminescu&#8221; Timis, Prim\u0103ria ora\u0219ului Rovinari \u0219i Liceul \u201cGheorghe T\u0103t\u0103rescu\u201d, v\u0103 invit\u0103 vineri, 22 mai 2026, ora 12:00, la evenimentul cultural intitulat \u201cLa Rovinari, prim\u0103vara a venit cu parfum de poezie\u201d, \u00een cadrul c\u0103ruia vor fi prezentate c\u0103r\u021bile \u201cNichita \u0219i \u00eengerul de rou\u0103\u201d, \u201cEminescu, un vis \u00een a\u0219teptare\u201d [&hellip;]<\/p>\n","protected":false},"author":1001022,"featured_media":0,"comment_status":"closed","ping_status":"closed","sticky":false,"template":"","format":"standard","meta":{"ngg_post_thumbnail":0,"footnotes":""},"categories":[1,9],"tags":[],"class_list":["post-20966","post","type-post","status-publish","format-standard","hentry","category-altele","category-anunturi"],"_links":{"self":[{"href":"https:\/\/primariarovinari.ro\/old\/wp-json\/wp\/v2\/posts\/20966","targetHints":{"allow":["GET"]}}],"collection":[{"href":"https:\/\/primariarovinari.ro\/old\/wp-json\/wp\/v2\/posts"}],"about":[{"href":"https:\/\/primariarovinari.ro\/old\/wp-json\/wp\/v2\/types\/post"}],"author":[{"embeddable":true,"href":"https:\/\/primariarovinari.ro\/old\/wp-json\/wp\/v2\/users\/1001022"}],"replies":[{"embeddable":true,"href":"https:\/\/primariarovinari.ro\/old\/wp-json\/wp\/v2\/comments?post=20966"}],"version-history":[{"count":0,"href":"https:\/\/primariarovinari.ro\/old\/wp-json\/wp\/v2\/posts\/20966\/revisions"}],"wp:attachment":[{"href":"https:\/\/primariarovinari.ro\/old\/wp-json\/wp\/v2\/media?parent=20966"}],"wp:term":[{"taxonomy":"category","embeddable":true,"href":"https:\/\/primariarovinari.ro\/old\/wp-json\/wp\/v2\/categories?post=20966"},{"taxonomy":"post_tag","embeddable":true,"href":"https:\/\/primariarovinari.ro\/old\/wp-json\/wp\/v2\/tags?post=20966"}],"curies":[{"name":"wp","href":"https:\/\/api.w.org\/{rel}","templated":true}]}}