{"id":20887,"date":"2026-03-25T16:58:36","date_gmt":"2026-03-25T13:58:36","guid":{"rendered":"https:\/\/www.primariarovinari.ro\/?p=20887"},"modified":"2026-03-26T11:06:44","modified_gmt":"2026-03-26T08:06:44","slug":"anunt-93","status":"publish","type":"post","link":"https:\/\/primariarovinari.ro\/old\/2026\/03\/anunt-93\/","title":{"rendered":"ANUN\u021a"},"content":{"rendered":"<h1 style=\"text-align: right;\">Nr.16090\/23.03.2026<\/h1>\n<h1><strong>&nbsp;&nbsp;&nbsp;&nbsp;&nbsp;&nbsp; PRIM\u0102RIA ORA\u0218ULUI ROVINARI, PRIN PREZENTA, ADUCE LA CUNOSTIN\u021a\u0102 DE\u021aINATORILOR DE GARAJE\/GR\u0102DINI DIN ZONA CANALULUI RO\u0218IA-PRUNDUREL C\u0102 AU OBLIGA\u021aA CA, PANA LA DATA DE 20.04.2026, S\u0102 DESFIIN\u021aEZE GARAJELE \/ GR\u0102DINILE AMENAJATE \u00ceN ACEST\u0102 ZON\u0102. <\/strong><\/h1>\n<h1><strong>&nbsp;&nbsp;&nbsp;&nbsp; ACEAST\u0102 M\u0102SUR\u0102 ESTE NECESAR\u0102 DEOARECE PERIMETRUL VA INTRA \u00ceNTR-UN AMPLU PROCES DE REABILITARE \u0218I MODERNIZARE URBAN\u0102 A ZONEI, PRIN AMENAJAREA DE SPA\u021aII VERZI, PIETONAL, ZONA DE PROMENAD\u0102, PARC\u0102RI DE RE\u0218EDIN\u021a\u0102 , ILUMINAT AMBIENTAL <\/strong><\/h1>\n<h1><strong>&nbsp;&nbsp;&nbsp;&nbsp;&nbsp; \u00ceN ACEST CONTEXT, TOATE AMENAJ\u0102RILE REALIZATE F\u0102R\u0102 AUTORIZA\u021aIE SAU CARE NU RESPECT\u0102 REGLEMEN\u0102RILE \u00ceN VIGOARE, TREBUIE \u00ceNDEP\u0102RTATE DE C\u0102TRE DE\u021aIN\u0102TORI, P\u00c2N\u0102 LA DATA DE 20.04.2026. <\/strong><\/h1>\n<h1><strong>&nbsp; &nbsp;&nbsp;FACEM APEL LA SPIRITUL CIVIC \u0218I LA RESPONSABILITAEA FIEC\u0102RUI CET\u0102\u021aEAN PENTRU A SPRIJINI BUNA DESF\u0102\u0218URARE A ACESTUI PROIECT DE INTERES PUBLIC, CARE ARE CA SCOP \u00ceMBUN\u0102T\u0102\u021aIREA CALIT\u0102\u021aII MEDIULUI URBAN \u0218I CRE\u0218TEREA GRADULUI DE CONFORT PENTRU \u00ceNTREAGA COMUNITATE.<\/strong><\/h1>\n<h1><strong>&nbsp;&nbsp;&nbsp;&nbsp;&nbsp;&nbsp; &nbsp;&nbsp;V\u0102 MUL\u021aUMIM PENTRU \u00ceN\u021aELEGERE \u0218I COOPERARE!<\/strong><\/h1>\n<p><strong>&nbsp;<\/strong><\/p>\n<p><strong>&nbsp;<\/strong><\/p>\n<p><strong>&nbsp;&nbsp;&nbsp;&nbsp;&nbsp;&nbsp;&nbsp;&nbsp; PRIMAR,&nbsp;&nbsp;&nbsp;&nbsp;&nbsp;&nbsp;&nbsp;&nbsp;&nbsp;&nbsp;&nbsp;&nbsp;&nbsp;&nbsp;&nbsp;&nbsp;&nbsp;&nbsp;&nbsp;&nbsp;&nbsp;&nbsp;&nbsp;&nbsp;&nbsp;&nbsp;&nbsp;&nbsp;&nbsp;&nbsp;&nbsp;&nbsp;&nbsp;&nbsp;&nbsp;&nbsp;&nbsp;&nbsp;&nbsp;&nbsp;&nbsp;&nbsp; DIREC\u021aIA ADMINISTRARE PATRIMONIU,<\/strong><\/p>\n<p><strong>ROBERT- DORIN FILIP&nbsp;&nbsp;&nbsp;&nbsp;&nbsp;&nbsp;&nbsp;&nbsp;&nbsp;&nbsp;&nbsp;&nbsp;&nbsp;&nbsp;&nbsp;&nbsp;&nbsp;&nbsp;&nbsp;&nbsp;&nbsp;&nbsp;&nbsp;&nbsp;&nbsp;&nbsp;&nbsp;&nbsp;&nbsp;&nbsp;&nbsp;&nbsp;&nbsp;&nbsp;&nbsp;&nbsp; DIRECTOR EXECUTIV,<\/strong><\/p>\n<p><strong>&nbsp;&nbsp;&nbsp;&nbsp;&nbsp;&nbsp;&nbsp;&nbsp;&nbsp;&nbsp;&nbsp;&nbsp;&nbsp;&nbsp;&nbsp;&nbsp;&nbsp;&nbsp;&nbsp;&nbsp;&nbsp;&nbsp;&nbsp;&nbsp;&nbsp;&nbsp;&nbsp;&nbsp;&nbsp;&nbsp;&nbsp;&nbsp;&nbsp;&nbsp;&nbsp;&nbsp;&nbsp;&nbsp;&nbsp;&nbsp;&nbsp;&nbsp;&nbsp;&nbsp;&nbsp;&nbsp;&nbsp;&nbsp;&nbsp; &nbsp;&nbsp;&nbsp;&nbsp;&nbsp;&nbsp;&nbsp;PAUL ALEXANDRU POD\u0102RELU<\/strong><\/p>\n<div id=\"attachment_20888\" style=\"width: 734px\" class=\"wp-caption alignnone\"><img loading=\"lazy\" decoding=\"async\" aria-describedby=\"caption-attachment-20888\" class=\"size-large wp-image-20888\" src=\"https:\/\/www.primariarovinari.ro\/wp-content\/uploads\/2026\/03\/20260325_145235_0001-724x1024.jpg\" alt=\"\" width=\"724\" height=\"1024\" srcset=\"https:\/\/primariarovinari.ro\/old\/wp-content\/uploads\/2026\/03\/20260325_145235_0001-724x1024.jpg 724w, https:\/\/primariarovinari.ro\/old\/wp-content\/uploads\/2026\/03\/20260325_145235_0001-119x168.jpg 119w, https:\/\/primariarovinari.ro\/old\/wp-content\/uploads\/2026\/03\/20260325_145235_0001-768x1086.jpg 768w, https:\/\/primariarovinari.ro\/old\/wp-content\/uploads\/2026\/03\/20260325_145235_0001-1086x1536.jpg 1086w, https:\/\/primariarovinari.ro\/old\/wp-content\/uploads\/2026\/03\/20260325_145235_0001-1448x2048.jpg 1448w, https:\/\/primariarovinari.ro\/old\/wp-content\/uploads\/2026\/03\/20260325_145235_0001.jpg 1653w\" sizes=\"auto, (max-width: 724px) 100vw, 724px\" \/><p id=\"caption-attachment-20888\" class=\"wp-caption-text\">EPSON MFP image<\/p><\/div>\n","protected":false},"excerpt":{"rendered":"<p>Nr.16090\/23.03.2026 &nbsp;&nbsp;&nbsp;&nbsp;&nbsp;&nbsp; PRIM\u0102RIA ORA\u0218ULUI ROVINARI, PRIN PREZENTA, ADUCE LA CUNOSTIN\u021a\u0102 DE\u021aINATORILOR DE GARAJE\/GR\u0102DINI DIN ZONA CANALULUI RO\u0218IA-PRUNDUREL C\u0102 AU OBLIGA\u021aA CA, PANA LA DATA DE 20.04.2026, S\u0102 DESFIIN\u021aEZE GARAJELE \/ GR\u0102DINILE AMENAJATE \u00ceN ACEST\u0102 ZON\u0102. &nbsp;&nbsp;&nbsp;&nbsp; ACEAST\u0102 M\u0102SUR\u0102 ESTE NECESAR\u0102 DEOARECE PERIMETRUL VA INTRA \u00ceNTR-UN AMPLU PROCES DE REABILITARE \u0218I MODERNIZARE URBAN\u0102 A ZONEI, PRIN [&hellip;]<\/p>\n","protected":false},"author":1001022,"featured_media":0,"comment_status":"closed","ping_status":"closed","sticky":false,"template":"","format":"standard","meta":{"ngg_post_thumbnail":0,"footnotes":""},"categories":[9],"tags":[],"class_list":["post-20887","post","type-post","status-publish","format-standard","hentry","category-anunturi"],"_links":{"self":[{"href":"https:\/\/primariarovinari.ro\/old\/wp-json\/wp\/v2\/posts\/20887","targetHints":{"allow":["GET"]}}],"collection":[{"href":"https:\/\/primariarovinari.ro\/old\/wp-json\/wp\/v2\/posts"}],"about":[{"href":"https:\/\/primariarovinari.ro\/old\/wp-json\/wp\/v2\/types\/post"}],"author":[{"embeddable":true,"href":"https:\/\/primariarovinari.ro\/old\/wp-json\/wp\/v2\/users\/1001022"}],"replies":[{"embeddable":true,"href":"https:\/\/primariarovinari.ro\/old\/wp-json\/wp\/v2\/comments?post=20887"}],"version-history":[{"count":0,"href":"https:\/\/primariarovinari.ro\/old\/wp-json\/wp\/v2\/posts\/20887\/revisions"}],"wp:attachment":[{"href":"https:\/\/primariarovinari.ro\/old\/wp-json\/wp\/v2\/media?parent=20887"}],"wp:term":[{"taxonomy":"category","embeddable":true,"href":"https:\/\/primariarovinari.ro\/old\/wp-json\/wp\/v2\/categories?post=20887"},{"taxonomy":"post_tag","embeddable":true,"href":"https:\/\/primariarovinari.ro\/old\/wp-json\/wp\/v2\/tags?post=20887"}],"curies":[{"name":"wp","href":"https:\/\/api.w.org\/{rel}","templated":true}]}}