{"id":20762,"date":"2025-10-13T09:59:31","date_gmt":"2025-10-13T06:59:31","guid":{"rendered":"https:\/\/www.primariarovinari.ro\/?p=20762"},"modified":"2025-10-13T09:59:31","modified_gmt":"2025-10-13T06:59:31","slug":"comunicat","status":"publish","type":"post","link":"https:\/\/primariarovinari.ro\/old\/2025\/10\/comunicat\/","title":{"rendered":"comunicat"},"content":{"rendered":"<h1><strong>Au \u00eenceput lucr\u0103rile de reabilitare energetic\u0103 a Spitalului Or\u0103\u0219enesc Sf\u00e2ntul \u0218tefan Rovinari<\/strong><\/h1>\n<h1>Ora\u0219ul Rovinari a semnat contractul de lucr\u0103ri pentru renovarea energetic\u0103 a Spitalului Or\u0103\u0219enesc \u201dSf. \u0218tefan\u201d \u00een data de 30.07.2025 . Constructorul este Asocierea RDD CONS SRL &#8211; ELAFANCONS SRL- ULVILANCONS IMOB SRL &nbsp;care a fost selectat\u0103 \u00een urma desf\u0103\u0219ur\u0103rii procedurilor de achizi\u021bie public\u0103 de c\u0103tre Prim\u0103ria Ora\u0219ului Rovinari. Contractul, semnat \u00een data de 30.07.2025, are valoarea de 14.949.702,41 lei, f\u0103r\u0103 TVA .<\/h1>\n<h1>La acest moment, lucr\u0103rile sunt \u00een plin\u0103 desf\u0103\u0219urare, intervenind-se la anvelopa cl\u0103dirii.<\/h1>\n<h1>Obiectivul de investi\u021bii este cofinan\u021bat de Uniunea European\u0103 prin proiectul \u201dReabilitarea energetic\u0103 a Spitalului Or\u0103\u0219enesc Sf\u00e2ntul \u0218tefan Rovinari\u201d, cod SMIS 318478, \u00een cadrul Programului Regional Sud-Vest Oltenia 2021-2027 Prioritatea 3 &#8211; Eficient\u0103 energetic\u0103 \u0219i infrastructura verde, obiectivul specific 2.1\/b(i) &#8211; Promovarea m\u0103surilor de eficien\u021b\u0103 energetic\u0103 \u0219i reducerea emisiilor de gaze cu efect de ser\u0103 .<\/h1>\n<h1>Proiectul are o valoare totala de 22.068.315,62 lei, din care cofinan\u021barea&nbsp; asigurat\u0103 de Uniunea European\u0103 este de 16.668.631,42 lei.<\/h1>\n<h1>Implementarea proiectului va genera cre\u0219terea eficien\u021bei energetice a cl\u0103dirii publice vizate \u0219i \u00eembun\u0103t\u0103\u021birea calit\u0103\u021bii mediului prin reducerea emisiilor de gaze cu efect de ser\u0103, reducerea consumului anual de energie primar\u0103 \u0219i promovarea utiliz\u0103rii surselor regenerabile de energie, av\u00e2nd impact at\u00e2t asupra \u00eembun\u0103t\u0103\u021birii condi\u021biilor de lucru pentru angaja\u021bii spitalului c\u00e2t \u0219i a condi\u021biilor de spitalizare oferite pacien\u021bilor.<\/h1>\n<h1>Pentru informa\u021bii despre Programul Regional Sud-Vest Oltenia 2021-2027, v\u0103 invit\u0103m s\u0103 accesa\u021bi <a href=\"http:\/\/www.adroltenia.ro\/\">www.adroltenia.ro&nbsp;<\/a>&nbsp;&nbsp;\/&nbsp;&nbsp;<a href=\"http:\/\/facebook.com\/adrsvoltenia\">facebook.com\/adrsvoltenia<\/a>.<\/h1>\n<h1>Pentru informa\u021bii detaliate despre celelalte programe cofinan\u021bate de Uniunea European\u0103, v\u0103 invit\u0103m s\u0103 vizita\u021bi&nbsp;<a href=\"https:\/\/mobilitate-corabia.ro\/www.mfe.gov.ro\">mfe.gov.ro<\/a>.<\/h1>\n<h1><em>Con\u021binutul acestui material nu reprezint\u0103 \u00een mod obligatoriu pozi\u021bia oficial\u0103 a Uniunii Europene, a Guvernului Rom\u00e2niei sau a Autorit\u0103\u021bii de Management pentru Programul Regional Sud-Vest Oltenia 2021-2027.<\/em><\/h1>\n<p><img loading=\"lazy\" decoding=\"async\" class=\"alignnone size-large wp-image-20763\" src=\"https:\/\/www.primariarovinari.ro\/wp-content\/uploads\/2025\/10\/banner-anunt-social-media-PR-Rovinari-incepere-lucrari-1024x538.jpg\" alt=\"\" width=\"1024\" height=\"538\" srcset=\"https:\/\/primariarovinari.ro\/old\/wp-content\/uploads\/2025\/10\/banner-anunt-social-media-PR-Rovinari-incepere-lucrari-1024x538.jpg 1024w, https:\/\/primariarovinari.ro\/old\/wp-content\/uploads\/2025\/10\/banner-anunt-social-media-PR-Rovinari-incepere-lucrari-168x88.jpg 168w, https:\/\/primariarovinari.ro\/old\/wp-content\/uploads\/2025\/10\/banner-anunt-social-media-PR-Rovinari-incepere-lucrari-768x403.jpg 768w, https:\/\/primariarovinari.ro\/old\/wp-content\/uploads\/2025\/10\/banner-anunt-social-media-PR-Rovinari-incepere-lucrari.jpg 1200w\" sizes=\"auto, (max-width: 1024px) 100vw, 1024px\" \/><\/p>\n","protected":false},"excerpt":{"rendered":"<p>Au \u00eenceput lucr\u0103rile de reabilitare energetic\u0103 a Spitalului Or\u0103\u0219enesc Sf\u00e2ntul \u0218tefan Rovinari Ora\u0219ul Rovinari a semnat contractul de lucr\u0103ri pentru renovarea energetic\u0103 a Spitalului Or\u0103\u0219enesc \u201dSf. \u0218tefan\u201d \u00een data de 30.07.2025 . Constructorul este Asocierea RDD CONS SRL &#8211; ELAFANCONS SRL- ULVILANCONS IMOB SRL &nbsp;care a fost selectat\u0103 \u00een urma desf\u0103\u0219ur\u0103rii procedurilor de achizi\u021bie public\u0103 [&hellip;]<\/p>\n","protected":false},"author":1001022,"featured_media":0,"comment_status":"closed","ping_status":"closed","sticky":false,"template":"","format":"standard","meta":{"ngg_post_thumbnail":0,"footnotes":""},"categories":[690,688],"tags":[],"class_list":["post-20762","post","type-post","status-publish","format-standard","hentry","category-comunicate","category-reabilitarea-energetica-a-spitalului-orasenesc-sfantul-stefan-rovinari"],"_links":{"self":[{"href":"https:\/\/primariarovinari.ro\/old\/wp-json\/wp\/v2\/posts\/20762","targetHints":{"allow":["GET"]}}],"collection":[{"href":"https:\/\/primariarovinari.ro\/old\/wp-json\/wp\/v2\/posts"}],"about":[{"href":"https:\/\/primariarovinari.ro\/old\/wp-json\/wp\/v2\/types\/post"}],"author":[{"embeddable":true,"href":"https:\/\/primariarovinari.ro\/old\/wp-json\/wp\/v2\/users\/1001022"}],"replies":[{"embeddable":true,"href":"https:\/\/primariarovinari.ro\/old\/wp-json\/wp\/v2\/comments?post=20762"}],"version-history":[{"count":0,"href":"https:\/\/primariarovinari.ro\/old\/wp-json\/wp\/v2\/posts\/20762\/revisions"}],"wp:attachment":[{"href":"https:\/\/primariarovinari.ro\/old\/wp-json\/wp\/v2\/media?parent=20762"}],"wp:term":[{"taxonomy":"category","embeddable":true,"href":"https:\/\/primariarovinari.ro\/old\/wp-json\/wp\/v2\/categories?post=20762"},{"taxonomy":"post_tag","embeddable":true,"href":"https:\/\/primariarovinari.ro\/old\/wp-json\/wp\/v2\/tags?post=20762"}],"curies":[{"name":"wp","href":"https:\/\/api.w.org\/{rel}","templated":true}]}}