{"id":20649,"date":"2025-06-27T13:38:08","date_gmt":"2025-06-27T10:38:08","guid":{"rendered":"https:\/\/www.primariarovinari.ro\/?p=20649"},"modified":"2025-06-30T10:13:03","modified_gmt":"2025-06-30T07:13:03","slug":"anunt-88","status":"publish","type":"post","link":"https:\/\/primariarovinari.ro\/old\/2025\/06\/anunt-88\/","title":{"rendered":"ANUN\u021a"},"content":{"rendered":"<h1 style=\"text-align: right;\">Nr: 27.004\/27.06.2025<\/h1>\n<h1 style=\"text-align: center;\"><strong>ANUN\u021a<\/strong><\/h1>\n<h2>&nbsp;<\/h2>\n<h2>\u00cen conformitate cu <strong><em>Strategia Na\u021bional\u0103 privind prevenirea institu\u021bionaliz\u0103rii persoanelor adulte cu dizabilit\u0103\u021bi \u0219i accelerarea procesului de dezinstitu\u021bionalizare<\/em><\/strong>, Direc\u021bia General\u0103 de Asisten\u021b\u0103 Social\u0103 \u0219i Protec\u021bia Copilului &#8211; Gorj inten\u021bioneaz\u0103 ca \u00een perioada 2025-2026, s\u0103 dezvolte \u00een cadrul structurii sale de personal, o re\u021bea de <strong>asisten\u021bi personali profesioni\u0219ti.<\/strong><\/h2>\n<h2>Asistentul personal profesionist este persoana fizic\u0103 atestat\u0103, care asigur\u0103 prin activitatea pe care o desf\u0103\u0219oar\u0103 la domiciliul s\u0103u, \u00eengrijirea \u0219i protec\u021bia adultului cu handicap grav sau accentuat pe baza nevoilor individuale ale acestuia, aceasta urm\u00e2nd s\u0103 fie \u00eencadrat\u0103 cu norm\u0103 \u00eentreag\u0103 \u00een structura de personal a D.G.A.S.P.C. Gorj, bucur\u00e2ndu-se de toate facilit\u0103\u021bile conferite de Legea nr. 153\/2017 privind salarizarea personalului pl\u0103tit din fonduri publice \u0219i a legisla\u021biei \u00een vigoare.<\/h2>\n<h2>Cadrul legal care reglementeaz\u0103 profesia de asistent personal profesionist este:<\/h2>\n<ul>\n<li>\n<h2>HG. nr. 548\/2017 privind aprobarea condi\u021biilor de ob\u021binere a atestatului, procedurile de atestare \u0219i statutul asistentului personal profesionist;<\/h2>\n<\/li>\n<li>\n<h2>Ordinul MMJS nr. 1691\/2018 pentru aprobarea modelului atestatului de asistent personal profesionist;<\/h2>\n<\/li>\n<li>\n<h2>Ordinul MMJS nr. 1069\/2018 privind aprobarea Standardelor minime obligatorii pentru asigurarea \u00eengrijirii \u0219i protec\u021biei adul\u021bilor cu handicap grav sau accentuat, la asistentul personal profesionist.<\/h2>\n<\/li>\n<\/ul>\n<h2>Persoanele interesate se pot adresa Direc\u021biei Generale de Asisten\u021b\u0103 Social\u0103 \u0219i Protec\u021bia Copilului Gorj&nbsp; &#8211; <em>Serviciul management de caz pentru persoane adulte cu dizabilit\u0103\u021bi, monitorizare servicii sociale, prevenire marginalizare social\u0103, asisten\u021b\u0103<\/em> <em>persoane v\u00e2rstnice, locuire incluziv\u0103, eviden\u021b\u0103 \u0219i plat\u0103 beneficii de asisten\u021b\u0103 social\u0103, <\/em>la numerele de telefon:&nbsp; <strong>0253\/238001 sau 0253\/238202.<\/strong><\/h2>\n<h2>\u00cen urma centraliz\u0103rii solicit\u0103rilor primite, D.G.A.S.P.C. Gorj va desf\u0103\u0219ura o sesiune de informare cu persoanele care doresc s\u0103 devin\u0103 asistent personal profesionist.<\/h2>\n<p>&nbsp;<\/p>\n<p>&nbsp;<\/p>\n<p>Primar,&nbsp;&nbsp;&nbsp;&nbsp;&nbsp;&nbsp;&nbsp;&nbsp;&nbsp;&nbsp;&nbsp;&nbsp;&nbsp;&nbsp;&nbsp;&nbsp;&nbsp;&nbsp;&nbsp;&nbsp;&nbsp;&nbsp;&nbsp;&nbsp;&nbsp;&nbsp;&nbsp;&nbsp;&nbsp;&nbsp;&nbsp;&nbsp;&nbsp;&nbsp; &nbsp;&nbsp;&nbsp;&nbsp;&nbsp;&nbsp;&nbsp;&nbsp;&nbsp;&nbsp;&nbsp;&nbsp;&nbsp;&nbsp;Director executiv DPAS,&nbsp;&nbsp;&nbsp;&nbsp;&nbsp;&nbsp;&nbsp;&nbsp;&nbsp;&nbsp;&nbsp;&nbsp;&nbsp;&nbsp;&nbsp; \u00centocmit,<\/p>\n<p>&nbsp;<\/p>\n<p>Robert Dorin Filip&nbsp;&nbsp;&nbsp;&nbsp;&nbsp;&nbsp;&nbsp;&nbsp;&nbsp;&nbsp;&nbsp;&nbsp;&nbsp;&nbsp;&nbsp;&nbsp;&nbsp;&nbsp;&nbsp;&nbsp;&nbsp;&nbsp; &nbsp;&nbsp;&nbsp;&nbsp;&nbsp;&nbsp;&nbsp;&nbsp;&nbsp;&nbsp;&nbsp;&nbsp;&nbsp;&nbsp;Ion Cristian Milea&nbsp;&nbsp;&nbsp;&nbsp;&nbsp;&nbsp;&nbsp;&nbsp;&nbsp;&nbsp;&nbsp;&nbsp;&nbsp;&nbsp;&nbsp;&nbsp;&nbsp; Roberta Peagu<\/p>\n","protected":false},"excerpt":{"rendered":"<p>Nr: 27.004\/27.06.2025 ANUN\u021a &nbsp; \u00cen conformitate cu Strategia Na\u021bional\u0103 privind prevenirea institu\u021bionaliz\u0103rii persoanelor adulte cu dizabilit\u0103\u021bi \u0219i accelerarea procesului de dezinstitu\u021bionalizare, Direc\u021bia General\u0103 de Asisten\u021b\u0103 Social\u0103 \u0219i Protec\u021bia Copilului &#8211; Gorj inten\u021bioneaz\u0103 ca \u00een perioada 2025-2026, s\u0103 dezvolte \u00een cadrul structurii sale de personal, o re\u021bea de asisten\u021bi personali profesioni\u0219ti. Asistentul personal profesionist este persoana [&hellip;]<\/p>\n","protected":false},"author":1001022,"featured_media":0,"comment_status":"open","ping_status":"open","sticky":false,"template":"","format":"standard","meta":{"ngg_post_thumbnail":0,"footnotes":""},"categories":[9,626],"tags":[],"class_list":["post-20649","post","type-post","status-publish","format-standard","hentry","category-anunturi","category-asistenta-sociala"],"_links":{"self":[{"href":"https:\/\/primariarovinari.ro\/old\/wp-json\/wp\/v2\/posts\/20649","targetHints":{"allow":["GET"]}}],"collection":[{"href":"https:\/\/primariarovinari.ro\/old\/wp-json\/wp\/v2\/posts"}],"about":[{"href":"https:\/\/primariarovinari.ro\/old\/wp-json\/wp\/v2\/types\/post"}],"author":[{"embeddable":true,"href":"https:\/\/primariarovinari.ro\/old\/wp-json\/wp\/v2\/users\/1001022"}],"replies":[{"embeddable":true,"href":"https:\/\/primariarovinari.ro\/old\/wp-json\/wp\/v2\/comments?post=20649"}],"version-history":[{"count":0,"href":"https:\/\/primariarovinari.ro\/old\/wp-json\/wp\/v2\/posts\/20649\/revisions"}],"wp:attachment":[{"href":"https:\/\/primariarovinari.ro\/old\/wp-json\/wp\/v2\/media?parent=20649"}],"wp:term":[{"taxonomy":"category","embeddable":true,"href":"https:\/\/primariarovinari.ro\/old\/wp-json\/wp\/v2\/categories?post=20649"},{"taxonomy":"post_tag","embeddable":true,"href":"https:\/\/primariarovinari.ro\/old\/wp-json\/wp\/v2\/tags?post=20649"}],"curies":[{"name":"wp","href":"https:\/\/api.w.org\/{rel}","templated":true}]}}