{"id":20468,"date":"2025-02-07T15:47:07","date_gmt":"2025-02-07T12:47:07","guid":{"rendered":"https:\/\/www.primariarovinari.ro\/?p=20468"},"modified":"2025-02-11T09:48:23","modified_gmt":"2025-02-11T06:48:23","slug":"20468","status":"publish","type":"post","link":"https:\/\/primariarovinari.ro\/old\/2025\/02\/20468\/","title":{"rendered":""},"content":{"rendered":"<h1 style=\"text-align: center;\"><strong>Anun\u021b<\/strong><\/h1>\n<h1 style=\"text-align: center;\"><strong>&nbsp;&nbsp;&nbsp;&nbsp;&nbsp;&nbsp;&nbsp;&nbsp;&nbsp;&nbsp;&nbsp;&nbsp;&nbsp;&nbsp;&nbsp;&nbsp;&nbsp;&nbsp;&nbsp;&nbsp;&nbsp;&nbsp;&nbsp;&nbsp;&nbsp;&nbsp;&nbsp;&nbsp;&nbsp; privind declara\u021biile la Registrul Agricol 2025-2029<\/strong><\/h1>\n<p>&nbsp;&nbsp;&nbsp;&nbsp;&nbsp;&nbsp;<\/p>\n<h2>&nbsp;&nbsp;&nbsp;&nbsp; Stima\u021bi cet\u0103\u021beni, \u00een conformitate cu prevederile art.11 alin(1) din Ordonan\u021ba de Guvern nr.28\/2008 privind registrul agricol, cu modific\u0103rile \u0219i complet\u0103rile ulterioare, v\u0103 comunic\u0103m faptul c\u0103 at\u00e2t persoanele fizice, c\u00e2t \u0219i persoanele juridice au obliga\u021bia s\u0103 declare datele necesare \u00eenscrierii \u00een Registrul Agricol, dup\u0103 cum urmeaz\u0103:<\/h2>\n<h2><strong>&#8211; 5 ianuarie-28 februarie 2025<\/strong>, pentru datele anuale privind membrii gospod\u0103riei, terenul aflat \u00een proprietate \u0219i cel pe care \u00eel utilizeaz\u0103, cl\u0103dirile cu destina\u021bie de locuin\u021b\u0103, construc\u021biile -anexe \u0219i mijloacele de transport cu trac\u021biune animal\u0103 \u0219i mecanic\u0103, ma\u0219inile, utilajele \u0219i instala\u021biile pentru agricultur\u0103 \u0219i silvicultur\u0103, efectivele de animale existente \u00een gospod\u0103rie\/unitatea cu personalitate juridic\u0103 la \u00eenceputul fiec\u0103rui an, precum \u0219i modific\u0103rile intervenite \u00een cursul anului precedent \u00een efectivele de animale pe care le de\u021bin, ca urmare a v\u00e2nz\u0103rii-cump\u0103r\u0103rii, a produ\u0219ilor ob\u021binu\u021bi, a mor\u021bii sau sacrific\u0103rii animalelor ori a altor intr\u0103ri-ie\u0219iri;<\/h2>\n<h2>&#8211;<strong>1-31 mai 2025<\/strong>, pentru datele privind modul de folosin\u021b\u0103 al terenului, suprafe\u021bele cultivate, num\u0103rul pomilor \u00een anul agricol respectiv;<\/h2>\n<h2>&nbsp;-Persoanele fizice \u0219i juridice au obliga\u021bia s\u0103 declare date pentru a fi \u00eenscrise \u00een registrul agricol \u0219i \u00een afara acestor intervale de timp, \u00een cazul \u00een care au intervenit modific\u0103ri \u00een proprietate, \u00een termen de 30 de zile de la apari\u021bia modific\u0103rii.<\/h2>\n<h2>ATEN\u021aIE!<br \/>\n\u2022 \u00cen cazul \u00een care persoanele fizice sau cele juridice nu fac declara\u021biile la termenele prev\u0103zute mai sus, se consider\u0103 c\u0103 nu au intervenit niciun fel de modific\u0103ri, fapt pentru care \u00een registrul agricol se raporteaz\u0103 din oficiu datele din anul precedent.<br \/>\n\u2022 \u00cen cazul \u00een care exist\u0103 modific\u0103ri \u0219i acestea nu sunt declarate \u00een termenele de mai sus, v\u0103 facem cunoscut faptul c\u0103 \u00een baza art.20 alin. (1) al aceluia\u0219i act normativ, acest lucru &#8222;Constituie contraven\u021bie \u0219i se sanc\u021bioneaz\u0103 cu amend\u0103 de la 100 lei la 500 lei, \u00een cazul persoanelor fizice, respectiv cu amend\u0103 de la 300 lei la 1.500 lei, \u00een&nbsp; cazul persoanelor juridice&#8221;.<br \/>\n\u2022 \u00cen cazul \u00een care exist\u0103 modific\u0103ri \u0219i acestea nu sunt declarate \u00een termenele de mai sus, v\u0103 facem cunoscut faptul c\u0103 \u00een baza art.20 alin. (1) al aceluia\u0219i act normativ, acest lucru &#8222;Constituie contraven\u021bie \u0219i se sanc\u021bioneaz\u0103 cu amend\u0103 de la 100 lei la 500 lei, \u00een cazul persoanelor fizice, respectiv cu amend\u0103 de la 300 lei la 1.500 lei, \u00een cazul persoanelor juridice&#8221;.<\/h2>\n<h2>&#8211; Modelul de declara\u021bie dat\u0103 pe propria r\u0103spundere de c\u0103tre capul gospod\u0103riei sau \u00een lipsa acestuia de un alt membru major al gospod\u0103riei care dispune de capacitate deplin\u0103 de exterci\u021biu se g\u0103se\u0219te la sediul Prim\u0103riei ora\u0219ului Rovinari &#8211; Compartimentul Agricol sau pe site-ul Prim\u0103riei Rovinari la adresa <a href=\"https:\/\/www.primariarovinari.ro\/primaria-rovinari\/informatii-publice\/formulare-tipizate\/\">https:\/\/www.primariarovinari.ro\/primaria-rovinari\/informatii-publice\/formulare-tipizate\/<\/a> aceasta se completeaz\u0103, se dateaz\u0103, se semneaz\u0103 \u0219i se depune la sediul Prim\u0103riei ora\u0219ului Rovinari sau se transmite prin email la adresa office@primariarovinari.ro<\/h2>\n<h2>*Pentru rela\u021bii suplimentare, v\u0103 st\u0103m la dispozi\u021bie la num\u0103rul de telefon:<\/h2>\n<h2>0253 371 011, interior 112 &#8211; Compartimentul Agricol.<\/h2>\n<h2>&nbsp;<\/h2>\n","protected":false},"excerpt":{"rendered":"<p>Anun\u021b &nbsp;&nbsp;&nbsp;&nbsp;&nbsp;&nbsp;&nbsp;&nbsp;&nbsp;&nbsp;&nbsp;&nbsp;&nbsp;&nbsp;&nbsp;&nbsp;&nbsp;&nbsp;&nbsp;&nbsp;&nbsp;&nbsp;&nbsp;&nbsp;&nbsp;&nbsp;&nbsp;&nbsp;&nbsp; privind declara\u021biile la Registrul Agricol 2025-2029 &nbsp;&nbsp;&nbsp;&nbsp;&nbsp;&nbsp; &nbsp;&nbsp;&nbsp;&nbsp; Stima\u021bi cet\u0103\u021beni, \u00een conformitate cu prevederile art.11 alin(1) din Ordonan\u021ba de Guvern nr.28\/2008 privind registrul agricol, cu modific\u0103rile \u0219i complet\u0103rile ulterioare, v\u0103 comunic\u0103m faptul c\u0103 at\u00e2t persoanele fizice, c\u00e2t \u0219i persoanele juridice au obliga\u021bia s\u0103 declare datele necesare \u00eenscrierii \u00een Registrul Agricol, dup\u0103 cum urmeaz\u0103: [&hellip;]<\/p>\n","protected":false},"author":1001022,"featured_media":0,"comment_status":"open","ping_status":"open","sticky":false,"template":"","format":"standard","meta":{"ngg_post_thumbnail":0,"footnotes":""},"categories":[613],"tags":[],"class_list":["post-20468","post","type-post","status-publish","format-standard","hentry","category-birou-agricol"],"_links":{"self":[{"href":"https:\/\/primariarovinari.ro\/old\/wp-json\/wp\/v2\/posts\/20468","targetHints":{"allow":["GET"]}}],"collection":[{"href":"https:\/\/primariarovinari.ro\/old\/wp-json\/wp\/v2\/posts"}],"about":[{"href":"https:\/\/primariarovinari.ro\/old\/wp-json\/wp\/v2\/types\/post"}],"author":[{"embeddable":true,"href":"https:\/\/primariarovinari.ro\/old\/wp-json\/wp\/v2\/users\/1001022"}],"replies":[{"embeddable":true,"href":"https:\/\/primariarovinari.ro\/old\/wp-json\/wp\/v2\/comments?post=20468"}],"version-history":[{"count":0,"href":"https:\/\/primariarovinari.ro\/old\/wp-json\/wp\/v2\/posts\/20468\/revisions"}],"wp:attachment":[{"href":"https:\/\/primariarovinari.ro\/old\/wp-json\/wp\/v2\/media?parent=20468"}],"wp:term":[{"taxonomy":"category","embeddable":true,"href":"https:\/\/primariarovinari.ro\/old\/wp-json\/wp\/v2\/categories?post=20468"},{"taxonomy":"post_tag","embeddable":true,"href":"https:\/\/primariarovinari.ro\/old\/wp-json\/wp\/v2\/tags?post=20468"}],"curies":[{"name":"wp","href":"https:\/\/api.w.org\/{rel}","templated":true}]}}