{"id":20272,"date":"2024-10-15T15:52:32","date_gmt":"2024-10-15T12:52:32","guid":{"rendered":"https:\/\/www.primariarovinari.ro\/?p=20272"},"modified":"2024-10-15T15:52:32","modified_gmt":"2024-10-15T12:52:32","slug":"anunt-86","status":"publish","type":"post","link":"https:\/\/primariarovinari.ro\/old\/2024\/10\/anunt-86\/","title":{"rendered":"ANUN\u021a"},"content":{"rendered":"<div class=\"xdj266r x11i5rnm xat24cr x1mh8g0r x1vvkbs x126k92a\">\n<div dir=\"auto\">\n<div class=\"xdj266r x11i5rnm xat24cr x1mh8g0r x1vvkbs x126k92a\">\n<h2 dir=\"auto\">&nbsp;<\/h2>\n<\/div>\n<div class=\"x11i5rnm xat24cr x1mh8g0r x1vvkbs xtlvy1s x126k92a\">\n<h1 dir=\"auto\">Av\u00e2nd \u00een vedere desf\u0103\u0219urarea Evenimentului cultural \u2013 artistic \u201dFestivalul Toamn\u0103, natur\u0103 \u0219i culoare &#8211; Rovinari 2024 \u201d ce va avea loc \u00een perioada 18-20.10.2024 \u00een ora\u0219ul Rovinari, v\u0103 aucem la cuno\u0219tin\u021b\u0103 faptul c\u0103, \u00een intervalul 17.10.2024, ora 10:00 \u2013 21.10.2024, ora 16:00, circula\u021bia rutier\u0103 va fi oprit\u0103 complet strada Jiului, pe sectorul cuprins \u00eentre intersec\u021bia cu strada slt. Constantin Lauren\u021biu Lixandru \u0219i intersec\u021bia cu strada Prieteniei.<\/h1>\n<\/div>\n<div dir=\"auto\">V\u0103 mul\u021bumit pentru \u00een\u021belegere!<\/div>\n<\/div>\n<\/div>\n<div dir=\"auto\">Av\u00e2nd \u00een vedere desf\u0103\u0219urarea Evenimentului cultural \u2013 artistic \u201dFestivalul Toamn\u0103, natur\u0103 \u0219i culoare &#8211; Rovinari 2024 \u201d ce va avea loc \u00een perioada 18-20.10.2024 \u00een ora\u0219ul Rovinari, v\u0103 aucem la cuno\u0219tin\u021b\u0103 faptul c\u0103, \u00een intervalul 17.10.2024, ora 10:00 \u2013 21.10.2024, ora 16:00, circula\u021bia rutier\u0103 va fi oprit\u0103 complet strada Jiului, pe sectorul cuprins \u00eentre intersec\u021bia cu strada slt. Constantin Lauren\u021biu Lixandru \u0219i intersec\u021bia cu strada Prieteniei.<\/div>\n<div class=\"x11i5rnm xat24cr x1mh8g0r x1vvkbs xtlvy1s x126k92a\">\n<h1 dir=\"auto\">V\u0103 mul\u021bumit pentru \u00een\u021belegere!<\/h1>\n<\/div>\n<p><img loading=\"lazy\" decoding=\"async\" class=\"alignnone size-full wp-image-20273\" src=\"https:\/\/www.primariarovinari.ro\/wp-content\/uploads\/2024\/10\/WhatsApp-Image-2024-10-15-at-15.20.24.jpeg\" alt=\"\" width=\"2048\" height=\"1152\" srcset=\"https:\/\/primariarovinari.ro\/old\/wp-content\/uploads\/2024\/10\/WhatsApp-Image-2024-10-15-at-15.20.24.jpeg 2048w, https:\/\/primariarovinari.ro\/old\/wp-content\/uploads\/2024\/10\/WhatsApp-Image-2024-10-15-at-15.20.24-168x95.jpeg 168w, https:\/\/primariarovinari.ro\/old\/wp-content\/uploads\/2024\/10\/WhatsApp-Image-2024-10-15-at-15.20.24-1024x576.jpeg 1024w, https:\/\/primariarovinari.ro\/old\/wp-content\/uploads\/2024\/10\/WhatsApp-Image-2024-10-15-at-15.20.24-768x432.jpeg 768w, https:\/\/primariarovinari.ro\/old\/wp-content\/uploads\/2024\/10\/WhatsApp-Image-2024-10-15-at-15.20.24-1536x864.jpeg 1536w\" sizes=\"auto, (max-width: 2048px) 100vw, 2048px\" \/> <img loading=\"lazy\" decoding=\"async\" class=\"alignnone size-full wp-image-20274\" src=\"https:\/\/www.primariarovinari.ro\/wp-content\/uploads\/2024\/10\/WhatsApp-Image-2024-10-15-at-15.22.03.jpeg\" alt=\"\" width=\"2048\" height=\"1152\" srcset=\"https:\/\/primariarovinari.ro\/old\/wp-content\/uploads\/2024\/10\/WhatsApp-Image-2024-10-15-at-15.22.03.jpeg 2048w, https:\/\/primariarovinari.ro\/old\/wp-content\/uploads\/2024\/10\/WhatsApp-Image-2024-10-15-at-15.22.03-168x95.jpeg 168w, https:\/\/primariarovinari.ro\/old\/wp-content\/uploads\/2024\/10\/WhatsApp-Image-2024-10-15-at-15.22.03-1024x576.jpeg 1024w, https:\/\/primariarovinari.ro\/old\/wp-content\/uploads\/2024\/10\/WhatsApp-Image-2024-10-15-at-15.22.03-768x432.jpeg 768w, https:\/\/primariarovinari.ro\/old\/wp-content\/uploads\/2024\/10\/WhatsApp-Image-2024-10-15-at-15.22.03-1536x864.jpeg 1536w\" sizes=\"auto, (max-width: 2048px) 100vw, 2048px\" \/><\/p>\n","protected":false},"excerpt":{"rendered":"<p>&nbsp; Av\u00e2nd \u00een vedere desf\u0103\u0219urarea Evenimentului cultural \u2013 artistic \u201dFestivalul Toamn\u0103, natur\u0103 \u0219i culoare &#8211; Rovinari 2024 \u201d ce va avea loc \u00een perioada 18-20.10.2024 \u00een ora\u0219ul Rovinari, v\u0103 aucem la cuno\u0219tin\u021b\u0103 faptul c\u0103, \u00een intervalul 17.10.2024, ora 10:00 \u2013 21.10.2024, ora 16:00, circula\u021bia rutier\u0103 va fi oprit\u0103 complet strada Jiului, pe sectorul cuprins \u00eentre [&hellip;]<\/p>\n","protected":false},"author":1001022,"featured_media":0,"comment_status":"open","ping_status":"open","sticky":false,"template":"","format":"standard","meta":{"ngg_post_thumbnail":0,"footnotes":""},"categories":[9],"tags":[],"class_list":["post-20272","post","type-post","status-publish","format-standard","hentry","category-anunturi"],"_links":{"self":[{"href":"https:\/\/primariarovinari.ro\/old\/wp-json\/wp\/v2\/posts\/20272","targetHints":{"allow":["GET"]}}],"collection":[{"href":"https:\/\/primariarovinari.ro\/old\/wp-json\/wp\/v2\/posts"}],"about":[{"href":"https:\/\/primariarovinari.ro\/old\/wp-json\/wp\/v2\/types\/post"}],"author":[{"embeddable":true,"href":"https:\/\/primariarovinari.ro\/old\/wp-json\/wp\/v2\/users\/1001022"}],"replies":[{"embeddable":true,"href":"https:\/\/primariarovinari.ro\/old\/wp-json\/wp\/v2\/comments?post=20272"}],"version-history":[{"count":0,"href":"https:\/\/primariarovinari.ro\/old\/wp-json\/wp\/v2\/posts\/20272\/revisions"}],"wp:attachment":[{"href":"https:\/\/primariarovinari.ro\/old\/wp-json\/wp\/v2\/media?parent=20272"}],"wp:term":[{"taxonomy":"category","embeddable":true,"href":"https:\/\/primariarovinari.ro\/old\/wp-json\/wp\/v2\/categories?post=20272"},{"taxonomy":"post_tag","embeddable":true,"href":"https:\/\/primariarovinari.ro\/old\/wp-json\/wp\/v2\/tags?post=20272"}],"curies":[{"name":"wp","href":"https:\/\/api.w.org\/{rel}","templated":true}]}}