{"id":20069,"date":"2024-08-26T14:54:44","date_gmt":"2024-08-26T11:54:44","guid":{"rendered":"https:\/\/www.primariarovinari.ro\/?p=20069"},"modified":"2024-08-26T14:54:44","modified_gmt":"2024-08-26T11:54:44","slug":"20069","status":"publish","type":"post","link":"https:\/\/primariarovinari.ro\/old\/2024\/08\/20069\/","title":{"rendered":""},"content":{"rendered":"<h1 style=\"text-align: center;\"><strong>&nbsp;<\/strong><\/h1>\n<h1>Nr.32680\/26.08.2024<\/h1>\n<h1>&nbsp;<\/h1>\n<h1 style=\"text-align: center;\"><strong>ANUN\u021a<\/strong><\/h1>\n<h1><strong>&nbsp;<\/strong><strong>&nbsp;<\/strong><strong>&nbsp;&nbsp;&nbsp;&nbsp; &nbsp;&nbsp;&nbsp;&nbsp;&nbsp;&nbsp;&nbsp;&nbsp;&nbsp;<\/strong><strong>\u00cen perioada 02.09.2024 &#8211; 20.09.2024, \u00eentre orele 10.00-15.00, la sediul Prim\u0103riei Ora\u0219 Rovinari-Direc\u021bia Public\u0103 de Asisten\u021b\u0103 Social\u0103, se va desf\u0103\u0219ura procedura de \u00eenscriere a persoanelor v\u00e2rstnice pentru celebrarea ,,Zilei Interna\u021bionale a Persoanelor V\u00e2rstnice\u2019\u2019.<\/strong><\/h1>\n<h1><strong>&nbsp;&nbsp;&nbsp;&nbsp;&nbsp;&nbsp;&nbsp;&nbsp;&nbsp;&nbsp; Conform Legii nr. 17\/2000 privind asisten\u021ba social\u0103 a persoanelor v\u00e2rstnice , art.1 , alin.(4) ,, Sunt considerate persoane v\u00e2rstnice , \u00een sensul prezentei legi, persoanele care au \u00eemplinit v\u00e2rsta de pensionare stabilit\u0103 de lege, respectiv 65 ani (b\u0103rba\u021bi) \u0219i 63 ani (femei).<\/strong><\/h1>\n<h1><strong>&nbsp;&nbsp;&nbsp;&nbsp;&nbsp;&nbsp;&nbsp;&nbsp; Celebrarea Zilei Interna\u021bionale a Persoanelor V\u00e2rstnice&nbsp; se va face prin acordarea fiec\u0103rei persoane a unui tichet cadou \u00een valoare de 150 lei.<\/strong><\/h1>\n<h1><strong>&nbsp;&nbsp;&nbsp;&nbsp;&nbsp;&nbsp;&nbsp;&nbsp;&nbsp; Actul de identitate \u0219i un num\u0103r de telefon sunt obligatorii pentru \u00eenscriere.<\/strong><\/h1>\n<h1><strong>&nbsp;<\/strong><\/h1>\n<p>&nbsp;<\/p>\n<p>&nbsp;<\/p>\n<h1>&nbsp;&nbsp;&nbsp;&nbsp;&nbsp;&nbsp;&nbsp;&nbsp;&nbsp;&nbsp;&nbsp;&nbsp;&nbsp;&nbsp;&nbsp;&nbsp;&nbsp;&nbsp;&nbsp;&nbsp;&nbsp;&nbsp;&nbsp;&nbsp;&nbsp;&nbsp;&nbsp;&nbsp;&nbsp;&nbsp;&nbsp;&nbsp;&nbsp;&nbsp;&nbsp;&nbsp;&nbsp;&nbsp;&nbsp;&nbsp;&nbsp;&nbsp;&nbsp;&nbsp;&nbsp;&nbsp;&nbsp; <strong>V<\/strong><strong>\u0103 a\u0219tept\u0103m cu drag!<\/strong><\/h1>\n<h1>&nbsp;<\/h1>\n<h1 style=\"text-align: center;\">&nbsp;<\/h1>\n<h1>&nbsp;&nbsp;&nbsp;&nbsp;&nbsp;&nbsp;&nbsp;&nbsp;&nbsp;&nbsp;&nbsp;&nbsp;&nbsp;&nbsp;&nbsp;&nbsp;&nbsp;&nbsp;&nbsp;&nbsp;&nbsp;&nbsp;&nbsp;&nbsp;&nbsp;&nbsp;&nbsp;&nbsp;&nbsp;&nbsp;&nbsp;&nbsp;&nbsp;&nbsp;&nbsp;&nbsp;&nbsp;&nbsp;&nbsp;&nbsp;&nbsp;&nbsp;&nbsp;&nbsp;&nbsp;&nbsp;&nbsp;&nbsp;&nbsp;&nbsp;&nbsp; &nbsp;&nbsp;&nbsp;&nbsp;&nbsp; <strong>PRIMAR,<\/strong><\/h1>\n<h1><strong>&nbsp;&nbsp;&nbsp;&nbsp;&nbsp;&nbsp;&nbsp;&nbsp;&nbsp;&nbsp;&nbsp;&nbsp;&nbsp;&nbsp; &nbsp;&nbsp;&nbsp;&nbsp;&nbsp;&nbsp;&nbsp;&nbsp;&nbsp;&nbsp;&nbsp;&nbsp;&nbsp;&nbsp;&nbsp;&nbsp;&nbsp;&nbsp;&nbsp;&nbsp;&nbsp;&nbsp;&nbsp;&nbsp;&nbsp;&nbsp;&nbsp;&nbsp;&nbsp;&nbsp;ROBERT-DORIN FILIP<\/strong><\/h1>\n","protected":false},"excerpt":{"rendered":"<p>&nbsp; Nr.32680\/26.08.2024 &nbsp; ANUN\u021a &nbsp;&nbsp;&nbsp;&nbsp;&nbsp;&nbsp; &nbsp;&nbsp;&nbsp;&nbsp;&nbsp;&nbsp;&nbsp;&nbsp;&nbsp;\u00cen perioada 02.09.2024 &#8211; 20.09.2024, \u00eentre orele 10.00-15.00, la sediul Prim\u0103riei Ora\u0219 Rovinari-Direc\u021bia Public\u0103 de Asisten\u021b\u0103 Social\u0103, se va desf\u0103\u0219ura procedura de \u00eenscriere a persoanelor v\u00e2rstnice pentru celebrarea ,,Zilei Interna\u021bionale a Persoanelor V\u00e2rstnice\u2019\u2019. &nbsp;&nbsp;&nbsp;&nbsp;&nbsp;&nbsp;&nbsp;&nbsp;&nbsp;&nbsp; Conform Legii nr. 17\/2000 privind asisten\u021ba social\u0103 a persoanelor v\u00e2rstnice , art.1 , alin.(4) ,, Sunt [&hellip;]<\/p>\n","protected":false},"author":1001022,"featured_media":0,"comment_status":"open","ping_status":"open","sticky":false,"template":"","format":"standard","meta":{"ngg_post_thumbnail":0,"footnotes":""},"categories":[9,626],"tags":[],"class_list":["post-20069","post","type-post","status-publish","format-standard","hentry","category-anunturi","category-asistenta-sociala"],"_links":{"self":[{"href":"https:\/\/primariarovinari.ro\/old\/wp-json\/wp\/v2\/posts\/20069","targetHints":{"allow":["GET"]}}],"collection":[{"href":"https:\/\/primariarovinari.ro\/old\/wp-json\/wp\/v2\/posts"}],"about":[{"href":"https:\/\/primariarovinari.ro\/old\/wp-json\/wp\/v2\/types\/post"}],"author":[{"embeddable":true,"href":"https:\/\/primariarovinari.ro\/old\/wp-json\/wp\/v2\/users\/1001022"}],"replies":[{"embeddable":true,"href":"https:\/\/primariarovinari.ro\/old\/wp-json\/wp\/v2\/comments?post=20069"}],"version-history":[{"count":0,"href":"https:\/\/primariarovinari.ro\/old\/wp-json\/wp\/v2\/posts\/20069\/revisions"}],"wp:attachment":[{"href":"https:\/\/primariarovinari.ro\/old\/wp-json\/wp\/v2\/media?parent=20069"}],"wp:term":[{"taxonomy":"category","embeddable":true,"href":"https:\/\/primariarovinari.ro\/old\/wp-json\/wp\/v2\/categories?post=20069"},{"taxonomy":"post_tag","embeddable":true,"href":"https:\/\/primariarovinari.ro\/old\/wp-json\/wp\/v2\/tags?post=20069"}],"curies":[{"name":"wp","href":"https:\/\/api.w.org\/{rel}","templated":true}]}}