{"id":20047,"date":"2024-08-05T14:52:17","date_gmt":"2024-08-05T11:52:17","guid":{"rendered":"https:\/\/www.primariarovinari.ro\/?p=20047"},"modified":"2024-08-12T09:41:19","modified_gmt":"2024-08-12T06:41:19","slug":"20047","status":"publish","type":"post","link":"https:\/\/primariarovinari.ro\/old\/2024\/08\/20047\/","title":{"rendered":""},"content":{"rendered":"<h3 style=\"text-align: right;\">&nbsp; &nbsp; &nbsp; &nbsp; &nbsp; &nbsp; &nbsp; &nbsp; &nbsp; &nbsp; &nbsp; &nbsp; &nbsp; &nbsp; &nbsp; &nbsp; &nbsp; &nbsp; &nbsp; &nbsp; &nbsp; &nbsp; &nbsp; &nbsp; &nbsp; &nbsp; &nbsp; &nbsp; &nbsp; &nbsp; &nbsp; &nbsp; &nbsp; &nbsp; &nbsp; &nbsp; &nbsp; &nbsp; &nbsp; &nbsp; &nbsp; &nbsp; &nbsp; &nbsp; &nbsp; &nbsp; &nbsp; &nbsp; &nbsp; &nbsp; &nbsp; &nbsp; &nbsp; &nbsp; &nbsp; &nbsp; &nbsp; &nbsp; &nbsp; &nbsp; &nbsp; &nbsp; &nbsp; &nbsp; &nbsp; &nbsp; &nbsp; &nbsp; &nbsp; &nbsp; &nbsp; &nbsp; &nbsp; &nbsp; &nbsp; &nbsp; &nbsp; &nbsp; &nbsp; &nbsp; &nbsp; &nbsp; &nbsp; &nbsp; &nbsp; &nbsp; &nbsp; &nbsp; &nbsp;Nr.30373\/01.08.2024<\/h3>\n<h1 style=\"text-align: center;\"><strong>Anun\u021b <\/strong><\/h1>\n<h1><strong>&nbsp;<\/strong><\/h1>\n<h1>&nbsp;&nbsp;&nbsp;&nbsp;&nbsp;&nbsp;&nbsp;&nbsp; \u00cen data de 21 septembrie 2024,&nbsp; se va desf\u0103\u0219ura la nivel na\u021bional&nbsp; campania intitulat\u0103&nbsp; <strong>,, <\/strong><strong>Ziua de Cur\u0103\u021benie Na\u021bional\u0103 2024 \u2019\u2019<\/strong> , proiect &nbsp;ce a fost ini\u021biat \u00een Estonia din anul 2008 care are ca obiective principale: cur\u0103\u021birea teritoriului Rom\u00e2niei de de\u0219eurile aruncate necorespunz\u0103tor \u00een ecosistemele naturale, atragerea aten\u021biei \u00eentregii na\u021biuni asupra importan\u021bei cur\u0103\u021beniei \u0219i de promovare a imaginii unei \u021b\u0103ri lipsite de de\u0219euri, a unei \u021b\u0103ri \u00een care voluntari-persoane publice \u0219i private, autorit\u0103\u021bi locale centrale, ONG-uri \u00ee\u0219i dau concursul pentru \u00eembun\u0103t\u0103\u021birea calit\u0103\u021bii vie\u021bii \u0219i imaginii publice.<\/h1>\n<h1>&nbsp;&nbsp;&nbsp;&nbsp;&nbsp;&nbsp;&nbsp; Prin prezenta, Prim\u0103ria Ora\u0219ului Rovinari v\u0103 invit\u0103 s\u0103 v\u0103 al\u0103tura\u021bi acestui proiect \u0219i s\u0103 v\u0103 \u00eenscrie\u021bi ca participant la ac\u021biunea programat\u0103 \u00een data de 21.09.2024 , ora 9<sup>00.<\/sup><\/h1>\n<h1><sup>&nbsp;&nbsp;&nbsp;&nbsp;&nbsp;&nbsp;&nbsp;&nbsp; <\/sup>&nbsp;Mesajul nostru este c\u0103 orice implicare conteaz\u0103, de la a ridica o pung\u0103 de pe jos, un ambalaj de aluminiu sau un pet de ori unde ar fi el, pentru a pastra un mediu curat.<\/h1>\n<h1>&nbsp; Prim\u0103ria va asigura pentru voluntarii participan\u021bi m\u0103nu\u0219i \u0219i saci pentru de\u0219euri.<\/h1>\n<h1>&nbsp;&nbsp;&nbsp; &nbsp;&nbsp;&nbsp;&nbsp;Pentru a v\u0103 anun\u021ba participarea v\u0103 pute\u021bi adresa Compartimentului Urbanism, responsabil protec\u021bia mediului,&nbsp; d-na Pungan Ana, sau la telefon 0800410000.<\/h1>\n<h1>&nbsp;&nbsp;&nbsp;&nbsp;&nbsp;&nbsp;&nbsp;&nbsp;&nbsp;&nbsp;&nbsp;&nbsp;&nbsp;&nbsp;&nbsp;&nbsp;<\/h1>\n<p>&nbsp;<\/p>\n<h2 style=\"text-align: center;\">Primar,<\/h2>\n<h2 style=\"text-align: center;\">&nbsp;Filip Robert Dorin<\/h2>\n","protected":false},"excerpt":{"rendered":"<p>&nbsp; &nbsp; &nbsp; &nbsp; &nbsp; &nbsp; &nbsp; &nbsp; &nbsp; &nbsp; &nbsp; &nbsp; &nbsp; &nbsp; &nbsp; &nbsp; &nbsp; &nbsp; &nbsp; &nbsp; &nbsp; &nbsp; &nbsp; &nbsp; &nbsp; &nbsp; &nbsp; &nbsp; &nbsp; &nbsp; &nbsp; &nbsp; &nbsp; &nbsp; &nbsp; &nbsp; &nbsp; &nbsp; &nbsp; &nbsp; &nbsp; &nbsp; &nbsp; &nbsp; &nbsp; &nbsp; &nbsp; &nbsp; &nbsp; &nbsp; &nbsp; &nbsp; &nbsp; &nbsp; &nbsp; [&hellip;]<\/p>\n","protected":false},"author":1001022,"featured_media":0,"comment_status":"open","ping_status":"open","sticky":false,"template":"","format":"standard","meta":{"ngg_post_thumbnail":0,"footnotes":""},"categories":[9],"tags":[],"class_list":["post-20047","post","type-post","status-publish","format-standard","hentry","category-anunturi"],"_links":{"self":[{"href":"https:\/\/primariarovinari.ro\/old\/wp-json\/wp\/v2\/posts\/20047","targetHints":{"allow":["GET"]}}],"collection":[{"href":"https:\/\/primariarovinari.ro\/old\/wp-json\/wp\/v2\/posts"}],"about":[{"href":"https:\/\/primariarovinari.ro\/old\/wp-json\/wp\/v2\/types\/post"}],"author":[{"embeddable":true,"href":"https:\/\/primariarovinari.ro\/old\/wp-json\/wp\/v2\/users\/1001022"}],"replies":[{"embeddable":true,"href":"https:\/\/primariarovinari.ro\/old\/wp-json\/wp\/v2\/comments?post=20047"}],"version-history":[{"count":0,"href":"https:\/\/primariarovinari.ro\/old\/wp-json\/wp\/v2\/posts\/20047\/revisions"}],"wp:attachment":[{"href":"https:\/\/primariarovinari.ro\/old\/wp-json\/wp\/v2\/media?parent=20047"}],"wp:term":[{"taxonomy":"category","embeddable":true,"href":"https:\/\/primariarovinari.ro\/old\/wp-json\/wp\/v2\/categories?post=20047"},{"taxonomy":"post_tag","embeddable":true,"href":"https:\/\/primariarovinari.ro\/old\/wp-json\/wp\/v2\/tags?post=20047"}],"curies":[{"name":"wp","href":"https:\/\/api.w.org\/{rel}","templated":true}]}}