{"id":19849,"date":"2024-03-29T10:01:20","date_gmt":"2024-03-29T07:01:20","guid":{"rendered":"https:\/\/www.primariarovinari.ro\/?p=19849"},"modified":"2024-03-29T10:12:41","modified_gmt":"2024-03-29T07:12:41","slug":"19849","status":"publish","type":"post","link":"https:\/\/primariarovinari.ro\/old\/2024\/03\/19849\/","title":{"rendered":""},"content":{"rendered":"<p><strong>&nbsp;<\/strong><\/p>\n<h2 style=\"text-align: center;\"><strong>ANUN\u021a<\/strong><\/h2>\n<p><strong>&nbsp;<\/strong><\/p>\n<h2>&nbsp; &nbsp;&nbsp;&nbsp;&nbsp;&nbsp;&nbsp;&nbsp;Cu ocazia S\u0103rb\u0103torilor Pascale, &nbsp;Consiliul Local al ora\u0219ului Rovinari \u0219i Prim\u0103ria Rovinari vor acorda tichete sociale cu o valoare de 150 lei\/tichet, conform&nbsp; legisla\u021biei \u00een vigoare, pentru familiile\/persoanele cu domiciliul pe raza administrativ teritorial\u0103 a ora\u0219ului Rovinari, care nu realizeaz\u0103 venituri sau ale c\u0103ror venituri nete lunare\/membru de familie, \u00een luna anterioar\u0103 depunerii cererii, nu dep\u0103\u0219esc&nbsp; suma de 700 lei.<\/h2>\n<h2>&nbsp;&nbsp;&nbsp;&nbsp;&nbsp;&nbsp; \u00censcrierile se efectueaz\u0103 \u00een perioada 01.04.2024-22.04.2024, \u00eentre orele 10.00-15.00, la sediul Prim\u0103riei Ora\u0219 Rovinari &#8211; Compartiment Protec\u021bie Social\u0103, unde se va elibera un bon de ordine pe care \u00eel va prezenta&nbsp; persoana \u00eenscris\u0103 la distribuirea tichetelor sociale \u00een data program\u0103rii.<\/h2>\n<h2>&nbsp; &nbsp;&nbsp;&nbsp;&nbsp;&nbsp;&nbsp;&nbsp;&nbsp;&nbsp;&nbsp;&nbsp;&nbsp;&nbsp;<strong>Acte necesare<\/strong>:<\/h2>\n<h2>&nbsp;&#8211; cererea \u0219i declara\u021bia pe propria r\u0103spundere;<\/h2>\n<h2>&nbsp;&#8211; acte de identitate ale solicitantului \u0219i ale membrilor familiei;<\/h2>\n<h2>&nbsp;&#8211; acte de stare civil\u0103;<\/h2>\n<h2>&#8211; documente care s\u0103 ateste venitul (adeverin\u021ba de salariu, cupon de pensie, adeverin\u021b\u0103 de \u0219omaj);<\/h2>\n<h2>&nbsp;-hot\u0103r\u00e2re definitiv\u0103 \u0219i irevocabil\u0103 de \u00eencredin\u021bare a minorilor, de \u00eencuviin\u021bare a adop\u021biei, hot\u0103r\u00e2re plasament familial al minorului, documente din care s\u0103 rezulte calitatea solicitantului de tutore sau curator;<\/h2>\n<h2>&nbsp;&#8211; certificat de \u00eencadrare \u00een grad de handicap;<\/h2>\n<h2>&#8211; adeverin\u021b\u0103 de elev, eliberat\u0103 \u00een luna curent\u0103 sau \u00een luna anterioar\u0103 depunerii cererii;<\/h2>\n<h2>&#8211; adeverin\u021be eliberate de AJOFM Gorj din care s\u0103 rezulte c\u0103 persoanele apte de munc\u0103 \u0219i care nu realizeaz\u0103 venituri salariale se afl\u0103 \u00een eviden\u021ba acestei institu\u021bii \u00een c\u0103utarea unui loc de munc\u0103;<\/h2>\n<h2>-persoanele majore care nu realizeaz\u0103 venituri din nicio surs\u0103 vor depune cerere la sediul Prim\u0103riei ora\u0219 Rovinari pentru eliberarea unei adeverin\u021be ANAF-PATRIMVEN.<br \/>\n&nbsp;&nbsp;&nbsp;&nbsp; &nbsp;&nbsp;<strong>Tichetele sociale se vor distribui dup\u0103 cum urmeaz\u0103<\/strong>:<\/h2>\n<h2>&#8211; la persoanele singure \u0219i familii cu doi membri&nbsp;&nbsp;&nbsp;&nbsp;&nbsp;&nbsp;&nbsp;&nbsp;&nbsp;&nbsp;&nbsp;&nbsp;&nbsp;&nbsp;&nbsp;&nbsp;&nbsp;&nbsp;&nbsp;&nbsp;&nbsp;&nbsp;&nbsp;&nbsp;&nbsp;&nbsp;&nbsp;&nbsp;&nbsp;&nbsp;&nbsp;&nbsp;&nbsp;&nbsp;&nbsp;&nbsp;&nbsp; &nbsp;&nbsp;&nbsp;&#8211; un&nbsp; tichet&nbsp;social;<\/h2>\n<h2>&#8211; la familiile compuse din trei-cinci membri&nbsp;&nbsp;&nbsp;&nbsp;&nbsp;&nbsp;&nbsp;&nbsp;&nbsp;&nbsp;&nbsp;&nbsp;&nbsp;&nbsp;&nbsp;&nbsp;&nbsp;&nbsp; &nbsp;&nbsp;&nbsp;&nbsp;&nbsp;&nbsp;&nbsp;&nbsp;&nbsp;&nbsp;&nbsp;&nbsp;&nbsp;&nbsp;&nbsp;&nbsp;&nbsp;&nbsp;&nbsp;&nbsp;&nbsp;&nbsp;&nbsp;&nbsp;&nbsp;&nbsp;&nbsp;&nbsp;&#8211; dou\u0103 tichete sociale;<\/h2>\n<h2>&#8211; la familiile compuse din &nbsp;peste cinci membri &nbsp;&nbsp;&nbsp;&nbsp;&nbsp;&nbsp;&nbsp;&nbsp;&nbsp;&nbsp;&nbsp;&nbsp;&nbsp;&nbsp;&nbsp;&nbsp;&nbsp;&nbsp;&nbsp;&nbsp;&nbsp;&nbsp;&nbsp;&nbsp;&nbsp;&nbsp;&nbsp;&nbsp;&nbsp;&nbsp;&nbsp;&nbsp;&nbsp;&nbsp;&nbsp;&nbsp;&nbsp;&nbsp;&nbsp;&nbsp;&nbsp;&nbsp;&#8211; trei tichete sociale.<\/h2>\n<h2><strong>&nbsp;&nbsp; V\u0103 mul\u021bumim pentru \u00een\u021belegere!<\/strong><\/h2>\n<h2>&nbsp;<\/h2>\n<h3>Primar,&nbsp; &nbsp; &nbsp; &nbsp; &nbsp; &nbsp; &nbsp; &nbsp; &nbsp; &nbsp; &nbsp; &nbsp; &nbsp; &nbsp; &nbsp; &nbsp; &nbsp; &nbsp; &nbsp; &nbsp; &nbsp; &nbsp; &nbsp; &nbsp; Director Executiv DPAS,&nbsp; &nbsp; &nbsp; &nbsp; &nbsp; &nbsp; &nbsp; &nbsp; \u00centocmit,<\/h3>\n<h3>Robert-Dorin Filip&nbsp; &nbsp; &nbsp; &nbsp; &nbsp; &nbsp; &nbsp; &nbsp; &nbsp; &nbsp; &nbsp; &nbsp; &nbsp; &nbsp; &nbsp;Ion &#8211; Cristian Milea&nbsp; &nbsp; &nbsp; &nbsp; &nbsp; &nbsp; &nbsp;cons. Loredana Pup\u0103zan<\/h3>\n<p>&nbsp;<\/p>\n<p><strong>&nbsp;&nbsp;&nbsp;&nbsp;&nbsp;&nbsp;&nbsp;&nbsp;&nbsp;&nbsp;&nbsp;&nbsp;&nbsp;&nbsp;&nbsp;&nbsp;&nbsp;&nbsp;&nbsp;&nbsp;&nbsp;&nbsp;&nbsp;&nbsp;&nbsp;&nbsp;&nbsp;&nbsp;&nbsp;&nbsp;&nbsp;&nbsp;&nbsp;&nbsp;<\/strong><\/p>\n","protected":false},"excerpt":{"rendered":"<p>&nbsp; ANUN\u021a &nbsp; &nbsp; &nbsp;&nbsp;&nbsp;&nbsp;&nbsp;&nbsp;&nbsp;Cu ocazia S\u0103rb\u0103torilor Pascale, &nbsp;Consiliul Local al ora\u0219ului Rovinari \u0219i Prim\u0103ria Rovinari vor acorda tichete sociale cu o valoare de 150 lei\/tichet, conform&nbsp; legisla\u021biei \u00een vigoare, pentru familiile\/persoanele cu domiciliul pe raza administrativ teritorial\u0103 a ora\u0219ului Rovinari, care nu realizeaz\u0103 venituri sau ale c\u0103ror venituri nete lunare\/membru de familie, \u00een luna [&hellip;]<\/p>\n","protected":false},"author":1001022,"featured_media":0,"comment_status":"open","ping_status":"open","sticky":false,"template":"","format":"standard","meta":{"ngg_post_thumbnail":0,"footnotes":""},"categories":[9,626],"tags":[],"class_list":["post-19849","post","type-post","status-publish","format-standard","hentry","category-anunturi","category-asistenta-sociala"],"_links":{"self":[{"href":"https:\/\/primariarovinari.ro\/old\/wp-json\/wp\/v2\/posts\/19849","targetHints":{"allow":["GET"]}}],"collection":[{"href":"https:\/\/primariarovinari.ro\/old\/wp-json\/wp\/v2\/posts"}],"about":[{"href":"https:\/\/primariarovinari.ro\/old\/wp-json\/wp\/v2\/types\/post"}],"author":[{"embeddable":true,"href":"https:\/\/primariarovinari.ro\/old\/wp-json\/wp\/v2\/users\/1001022"}],"replies":[{"embeddable":true,"href":"https:\/\/primariarovinari.ro\/old\/wp-json\/wp\/v2\/comments?post=19849"}],"version-history":[{"count":0,"href":"https:\/\/primariarovinari.ro\/old\/wp-json\/wp\/v2\/posts\/19849\/revisions"}],"wp:attachment":[{"href":"https:\/\/primariarovinari.ro\/old\/wp-json\/wp\/v2\/media?parent=19849"}],"wp:term":[{"taxonomy":"category","embeddable":true,"href":"https:\/\/primariarovinari.ro\/old\/wp-json\/wp\/v2\/categories?post=19849"},{"taxonomy":"post_tag","embeddable":true,"href":"https:\/\/primariarovinari.ro\/old\/wp-json\/wp\/v2\/tags?post=19849"}],"curies":[{"name":"wp","href":"https:\/\/api.w.org\/{rel}","templated":true}]}}