{"id":19676,"date":"2023-10-31T12:21:05","date_gmt":"2023-10-31T09:21:05","guid":{"rendered":"https:\/\/www.primariarovinari.ro\/?p=19676"},"modified":"2023-10-31T12:21:05","modified_gmt":"2023-10-31T09:21:05","slug":"19676","status":"publish","type":"post","link":"https:\/\/primariarovinari.ro\/old\/2023\/10\/19676\/","title":{"rendered":""},"content":{"rendered":"<h1 style=\"text-align: center;\"><strong>&nbsp;ANUN\u021a&nbsp; &nbsp;<\/strong><\/h1>\n<h2><strong>&nbsp; &nbsp; &nbsp; &nbsp;Nr:42.121\/31.10.2023&nbsp; &nbsp; &nbsp; &nbsp; &nbsp; &nbsp; &nbsp; &nbsp; &nbsp;<\/strong><\/h2>\n<h2>&nbsp; &nbsp;&nbsp;&nbsp;&nbsp;&nbsp;&nbsp;&nbsp;Cu ocazia s\u0103rb\u0103torilor de iarn\u0103 2023, &nbsp;Consiliul Local al ora\u0219ului Rovinari \u0219i Prim\u0103ria Rovinari vor acorda &nbsp;tichete sociale cu o valoare de 100 lei\/tichet cu T.V.A. \u0219i pachete cu dulciuri pentru copii, \u00een valoare de 80 lei\/pachet cu T.V.A., conform&nbsp; legisla\u021biei \u00een vigoare, pentru familiile\/persoanele cu domiciliul sau re\u0219edin\u021ba pe raza administrativ teritorial\u0103 a ora\u0219ului Rovinari, ale c\u0103ror venituri\/membru de familie se incadreaz\u0103 p\u00e2n\u0103 la suma de 634 lei\/luna (limita maxim\u0103 admis\u0103 pentru beneficiarii de aloca\u021bie pentru sus\u021binerea familiei, conform Legii nr. 277\/2010).&nbsp;&nbsp;&nbsp; &nbsp;&nbsp;&nbsp;&nbsp;&nbsp;&nbsp;&nbsp;&nbsp;&nbsp;&nbsp;&nbsp;&nbsp; &nbsp;&nbsp;&nbsp;&nbsp;&nbsp;&nbsp;<\/h2>\n<h2>&nbsp;&nbsp;&nbsp;&nbsp;&nbsp;&nbsp; \u00censcrierile se efectueaz\u0103 \u00een perioada 01.11.2023-24.11.2023, \u00eentre orele 10:00-15:00, la sediul Prim\u0103riei Ora\u0219 Rovinari &#8211; Compartimentul Protec\u021bie Social\u0103, unde se va elibera un bon de ordine pe care \u00eel va prezenta \u00een data program\u0103rii persoana \u00eenscris\u0103 la distribuirea tichetelor sociale \u0219i a pachetelor cu dulciuri.<\/h2>\n<h2>&nbsp; &nbsp;&nbsp;&nbsp;&nbsp;&nbsp;&nbsp;&nbsp;&nbsp;&nbsp;&nbsp;&nbsp;&nbsp;&nbsp;<strong>Acte necesare<\/strong>&nbsp;:<\/h2>\n<h2>&nbsp;&#8211; cerere \u0219i declara\u021bie pe propria r\u0103spundere;<\/h2>\n<h2>&nbsp;&#8211; acte de identitate ale solicitantului \u0219i ale membrilor familiei;<\/h2>\n<h2>&nbsp;&#8211; acte de stare civil\u0103;<\/h2>\n<h2>&nbsp;&#8211; certificate de na\u0219tere pentru persoanele cu v\u00e2rsta de p\u00e2n\u0103 la 14 ani;<\/h2>\n<h2>&nbsp;-hot\u0103r\u00e2re definitiv\u0103 \u0219i irevocabil\u0103 de \u00eencredin\u021bare a minorilor, de \u00eencuviin\u021bare a adop\u021biei, hot\u0103r\u00e2re plasament familial al minorului, documente din care s\u0103 rezulte calitatea solicitantului de tutore sau curator;<\/h2>\n<h2>&nbsp;&#8211; persoanele majore care frecventeaz\u0103 cursurile \u0219colare, forma de zi, vor prezenta adeverin\u021b\u0103 de la unitatea \u0219colara&nbsp; \u00een care se va men\u021biona forma de \u00eenva\u021b\u0103m\u00e2nt;<\/h2>\n<h2>&nbsp;&#8211; veniturile persoanei singure sau ale familiei se dovedesc cu adeverin\u021be privind salariul&nbsp; net, cupoane, mandate sau taloane pentru veniturile realizate,etc&nbsp;;<\/h2>\n<h2>&#8211; contract locuin\u021b\u0103 (act proprietate, contract \u00eenchiriere, comodat,etc)&nbsp;;<\/h2>\n<h2>&nbsp;&#8211; persoanele majore care nu realizeaz\u0103 venituri din nicio surs\u0103, vor depune cerere la sediul Prim\u0103riei ora\u0219 Rovinari pentru eliberarea unei adeverin\u021be ANAF-PATRIMVEN.<\/h2>\n<h2>&nbsp;&nbsp;&nbsp;&nbsp; &nbsp;&nbsp;<strong>Tichetele sociale se vor distribui familiilor dup\u0103 cum urmeaz\u0103<\/strong>&nbsp;:<\/h2>\n<h2>&#8211; la persoanele singure \u0219i familii cu doi membri&nbsp;&nbsp;&nbsp;&nbsp;&nbsp;&nbsp;&nbsp;&nbsp;&nbsp;&nbsp;&nbsp;&nbsp;&nbsp;&nbsp;&nbsp;&nbsp;&nbsp;&nbsp;&nbsp;&nbsp;&nbsp;&nbsp;&nbsp;&nbsp;&nbsp;&nbsp;&nbsp;&nbsp;&nbsp;&nbsp;&nbsp;&nbsp;&nbsp;&nbsp;&nbsp;&nbsp;&nbsp; &nbsp;&nbsp;&nbsp;&#8211; un&nbsp; tichet&nbsp;social;<\/h2>\n<h2>&#8211; la familiile compuse din trei-cinci membri&nbsp;&nbsp;&nbsp;&nbsp;&nbsp;&nbsp;&nbsp;&nbsp;&nbsp;&nbsp;&nbsp;&nbsp;&nbsp;&nbsp;&nbsp;&nbsp;&nbsp;&nbsp; &nbsp;&nbsp;&nbsp;&nbsp;&nbsp;&nbsp;&nbsp;&nbsp;&nbsp;&nbsp;&nbsp;&nbsp;&nbsp;&nbsp;&nbsp;&nbsp;&nbsp;&nbsp;&nbsp;&nbsp;&nbsp;&nbsp;&nbsp;&nbsp;&nbsp;&nbsp;&nbsp;&nbsp;&#8211; dou\u0103 tichete sociale;<\/h2>\n<h2>&#8211; la familiile compuse din &nbsp;peste cinci membri &nbsp;&nbsp;&nbsp;&nbsp;&nbsp;&nbsp;&nbsp;&nbsp;&nbsp;&nbsp;&nbsp;&nbsp;&nbsp;&nbsp;&nbsp;&nbsp;&nbsp;&nbsp;&nbsp;&nbsp;&nbsp;&nbsp;&nbsp;&nbsp;&nbsp;&nbsp;&nbsp;&nbsp;&nbsp;&nbsp;&nbsp;&nbsp;&nbsp;&nbsp;&nbsp;&nbsp;&nbsp;&nbsp;&nbsp;&nbsp;&nbsp;&nbsp;&#8211; trei tichete sociale.<\/h2>\n<h2>&nbsp;&nbsp;&nbsp;&nbsp;&nbsp;&nbsp; Pachetele cu dulciuri se vor distribui doar copiilor proveni\u021bi din familiile beneficiare de tichete sociale p\u00e2n\u0103 la v\u00e2rsta de 18 ani, inclusiv pentru cei care fac dovada c\u0103 frecventeaz\u0103 cursuri liceale sau cursuri de \u0219coli profesionale.<\/h2>\n<h2><strong>&nbsp;&nbsp; V\u0103 mul\u021bumim pentru \u00een\u021belegere !<\/strong><\/h2>\n<p>&nbsp;<\/p>\n<p>&nbsp;<\/p>\n<p>&nbsp;&nbsp;&nbsp;&nbsp;&nbsp; &nbsp;&nbsp;<strong>Primar,&nbsp; &nbsp; &nbsp; &nbsp; &nbsp; &nbsp; &nbsp; &nbsp; &nbsp; &nbsp; &nbsp; &nbsp; &nbsp; &nbsp; &nbsp; &nbsp; &nbsp; &nbsp; &nbsp; &nbsp; &nbsp; &nbsp; &nbsp; &nbsp; &nbsp; &nbsp; Director Executiv DPAS,&nbsp;&nbsp;&nbsp; &nbsp;&nbsp;&nbsp;&nbsp;&nbsp;&nbsp;&nbsp;&nbsp;&nbsp;&nbsp;<\/strong><\/p>\n<p><strong>&nbsp;&nbsp;&nbsp;&nbsp;&nbsp;&nbsp;&nbsp; Robert-Dorin Filip&nbsp; &nbsp; &nbsp; &nbsp; &nbsp; &nbsp; &nbsp; &nbsp; &nbsp; &nbsp; &nbsp; &nbsp; &nbsp; &nbsp; &nbsp; &nbsp; &nbsp; &nbsp;Ion Cristian Milea&nbsp; <\/strong><strong>&nbsp; &nbsp; &nbsp; &nbsp; &nbsp; &nbsp; &nbsp; &nbsp; &nbsp; &nbsp; &nbsp;\u00centocmit, Loredana Pup\u0103zan &nbsp; &nbsp;<\/strong><\/p>\n<p>&nbsp; &nbsp; &nbsp; &nbsp; &nbsp; &nbsp; &nbsp; &nbsp; &nbsp; &nbsp; &nbsp; &nbsp; &nbsp; &nbsp; &nbsp; &nbsp; &nbsp; &nbsp; &nbsp; &nbsp; &nbsp; &nbsp; &nbsp; &nbsp; &nbsp; &nbsp; &nbsp; &nbsp; &nbsp; &nbsp; &nbsp; &nbsp; &nbsp; &nbsp; &nbsp; &nbsp; &nbsp; &nbsp; &nbsp; &nbsp; &nbsp; &nbsp; &nbsp; &nbsp; &nbsp; &nbsp; &nbsp; &nbsp; &nbsp; &nbsp; &nbsp; &nbsp; &nbsp; &nbsp; &nbsp; &nbsp; &nbsp; &nbsp; &nbsp; &nbsp; &nbsp; &nbsp; &nbsp; &nbsp; &nbsp; &nbsp; &nbsp; &nbsp; &nbsp; &nbsp; &nbsp; &nbsp; &nbsp; &nbsp; &nbsp;&nbsp;<\/p>\n","protected":false},"excerpt":{"rendered":"<p>&nbsp;ANUN\u021a&nbsp; &nbsp; &nbsp; &nbsp; &nbsp; &nbsp;Nr:42.121\/31.10.2023&nbsp; &nbsp; &nbsp; &nbsp; &nbsp; &nbsp; &nbsp; &nbsp; &nbsp; &nbsp; &nbsp;&nbsp;&nbsp;&nbsp;&nbsp;&nbsp;&nbsp;Cu ocazia s\u0103rb\u0103torilor de iarn\u0103 2023, &nbsp;Consiliul Local al ora\u0219ului Rovinari \u0219i Prim\u0103ria Rovinari vor acorda &nbsp;tichete sociale cu o valoare de 100 lei\/tichet cu T.V.A. \u0219i pachete cu dulciuri pentru copii, \u00een valoare de 80 lei\/pachet cu T.V.A., conform&nbsp; [&hellip;]<\/p>\n","protected":false},"author":1001022,"featured_media":0,"comment_status":"open","ping_status":"open","sticky":false,"template":"","format":"standard","meta":{"ngg_post_thumbnail":0,"footnotes":""},"categories":[9,626],"tags":[],"class_list":["post-19676","post","type-post","status-publish","format-standard","hentry","category-anunturi","category-asistenta-sociala"],"_links":{"self":[{"href":"https:\/\/primariarovinari.ro\/old\/wp-json\/wp\/v2\/posts\/19676","targetHints":{"allow":["GET"]}}],"collection":[{"href":"https:\/\/primariarovinari.ro\/old\/wp-json\/wp\/v2\/posts"}],"about":[{"href":"https:\/\/primariarovinari.ro\/old\/wp-json\/wp\/v2\/types\/post"}],"author":[{"embeddable":true,"href":"https:\/\/primariarovinari.ro\/old\/wp-json\/wp\/v2\/users\/1001022"}],"replies":[{"embeddable":true,"href":"https:\/\/primariarovinari.ro\/old\/wp-json\/wp\/v2\/comments?post=19676"}],"version-history":[{"count":0,"href":"https:\/\/primariarovinari.ro\/old\/wp-json\/wp\/v2\/posts\/19676\/revisions"}],"wp:attachment":[{"href":"https:\/\/primariarovinari.ro\/old\/wp-json\/wp\/v2\/media?parent=19676"}],"wp:term":[{"taxonomy":"category","embeddable":true,"href":"https:\/\/primariarovinari.ro\/old\/wp-json\/wp\/v2\/categories?post=19676"},{"taxonomy":"post_tag","embeddable":true,"href":"https:\/\/primariarovinari.ro\/old\/wp-json\/wp\/v2\/tags?post=19676"}],"curies":[{"name":"wp","href":"https:\/\/api.w.org\/{rel}","templated":true}]}}