{"id":1926,"date":"2010-10-13T12:27:19","date_gmt":"2010-10-13T10:27:19","guid":{"rendered":"http:\/\/www.primariarovinari.ro\/?p=1926"},"modified":"2010-10-13T12:39:40","modified_gmt":"2010-10-13T10:39:40","slug":"ziua-recoltei-la-rovinari-3","status":"publish","type":"post","link":"https:\/\/primariarovinari.ro\/old\/2010\/10\/ziua-recoltei-la-rovinari-3\/","title":{"rendered":"Ziua Recoltei &#8211; prilej de s\u0103rb\u0103toare"},"content":{"rendered":"<p style=\"text-align: justify;\"><object style=\"width: 300px; height: 200px;\" classid=\"clsid:d27cdb6e-ae6d-11cf-96b8-444553540000\" width=\"300\" height=\"200\" codebase=\"http:\/\/download.macromedia.com\/pub\/shockwave\/cabs\/flash\/swflash.cab#version=6,0,40,0\"><param name=\"src\" value=\"http:\/\/www.youtube.com\/v\/GC2fN_ihgrM\" \/><param name=\"align\" value=\"right\" \/><param name=\"vspace\" value=\"5\" \/><param name=\"hspace\" value=\"10\" \/><embed style=\"width: 300px; height: 200px;\" type=\"application\/x-shockwave-flash\" width=\"300\" height=\"200\" src=\"http:\/\/www.youtube.com\/v\/GC2fN_ihgrM\" hspace=\"10\" vspace=\"5\" align=\"right\"><\/embed><\/object>Duminic\u0103 10 octombrie 2010, \u00een Pia\u0163a Agroalimentar\u0103 din centrul ora\u015fului s-a desf\u0103\u015furat Ziua Recoltei.<\/p>\n<p style=\"text-align: justify;\">Rovin\u0103renii veni\u0163i \u00een pia\u0163\u0103 au fost \u00eenc\u00e2nta\u0163i cu un program de muzic\u0103 popular\u0103 oferit de tinerele talente de la Clubul Elevilor Rovinari.<\/p>\n<p style=\"text-align: justify;\">Cei prezen\u0163i au mai avut parte de mititei la gr\u0103tar, s\u0103rm\u0103lu\u0163e, piftii, fructe \u015fi legume.<\/p>\n<p style=\"text-align: justify;\">La Ziua Recoltei a fost prezent \u015fi Prefectul Jude\u0163ului Gorj &#8211; Liviu Andrei, care a vrut s\u0103 vad\u0103 personal c\u00e2t de bogat\u0103 a fost recolta de anul acesta la Rovinari.<\/p>\n","protected":false},"excerpt":{"rendered":"<p>Duminic\u0103 10 octombrie 2010, \u00een Pia\u0163a Agroalimentar\u0103 din centrul ora\u015fului s-a desf\u0103\u015furat Ziua Recoltei. Rovin\u0103renii veni\u0163i \u00een pia\u0163\u0103 au fost \u00eenc\u00e2nta\u0163i cu un program de muzic\u0103 popular\u0103 oferit de tinerele talente de la Clubul Elevilor Rovinari. Cei prezen\u0163i au mai avut parte de mititei la gr\u0103tar, s\u0103rm\u0103lu\u0163e, piftii, fructe \u015fi legume. La Ziua Recoltei a [&hellip;]<\/p>\n","protected":false},"author":1001008,"featured_media":0,"comment_status":"open","ping_status":"open","sticky":false,"template":"","format":"standard","meta":{"ngg_post_thumbnail":0,"footnotes":""},"categories":[4],"tags":[264,265,263],"class_list":["post-1926","post","type-post","status-publish","format-standard","hentry","category-informatii-locale","tag-fructe","tag-legume","tag-recolta"],"_links":{"self":[{"href":"https:\/\/primariarovinari.ro\/old\/wp-json\/wp\/v2\/posts\/1926","targetHints":{"allow":["GET"]}}],"collection":[{"href":"https:\/\/primariarovinari.ro\/old\/wp-json\/wp\/v2\/posts"}],"about":[{"href":"https:\/\/primariarovinari.ro\/old\/wp-json\/wp\/v2\/types\/post"}],"author":[{"embeddable":true,"href":"https:\/\/primariarovinari.ro\/old\/wp-json\/wp\/v2\/users\/1001008"}],"replies":[{"embeddable":true,"href":"https:\/\/primariarovinari.ro\/old\/wp-json\/wp\/v2\/comments?post=1926"}],"version-history":[{"count":0,"href":"https:\/\/primariarovinari.ro\/old\/wp-json\/wp\/v2\/posts\/1926\/revisions"}],"wp:attachment":[{"href":"https:\/\/primariarovinari.ro\/old\/wp-json\/wp\/v2\/media?parent=1926"}],"wp:term":[{"taxonomy":"category","embeddable":true,"href":"https:\/\/primariarovinari.ro\/old\/wp-json\/wp\/v2\/categories?post=1926"},{"taxonomy":"post_tag","embeddable":true,"href":"https:\/\/primariarovinari.ro\/old\/wp-json\/wp\/v2\/tags?post=1926"}],"curies":[{"name":"wp","href":"https:\/\/api.w.org\/{rel}","templated":true}]}}