{"id":19209,"date":"2023-04-05T15:53:49","date_gmt":"2023-04-05T12:53:49","guid":{"rendered":"https:\/\/www.primariarovinari.ro\/?p=19209"},"modified":"2023-04-07T00:22:33","modified_gmt":"2023-04-06T21:22:33","slug":"anunt-cu-privire-la-distribuirea-ajutoarelor-poad-produse-alimentare-2","status":"publish","type":"post","link":"https:\/\/primariarovinari.ro\/old\/2023\/04\/anunt-cu-privire-la-distribuirea-ajutoarelor-poad-produse-alimentare-2\/","title":{"rendered":"ANUN\u021a cu privire la distribuirea ajutoarelor POAD &#8211; PRODUSE ALIMENTARE  \u00a0"},"content":{"rendered":"<p>13986\/05.04.20<\/p>\n<p>&nbsp;<\/p>\n<h1 style=\"text-align: center;\"><strong>&nbsp;ANUN\u021a,&nbsp;<\/strong><\/h1>\n<h1 style=\"text-align: left;\"><strong>&nbsp;&nbsp;&nbsp;&nbsp;&nbsp;&nbsp;&nbsp;&nbsp;&nbsp;&nbsp;&nbsp;&nbsp;&nbsp;&nbsp;&nbsp;&nbsp;&nbsp; &nbsp;&nbsp;&nbsp; cu privire la distribuirea ajutoarelor POAD &#8211; PRODUSE ALIMENTARE <\/strong><\/h1>\n<h1 style=\"text-align: left;\"><strong>&nbsp;<\/strong><\/h1>\n<h1 style=\"text-align: left;\"><strong>&nbsp;&nbsp;&nbsp;&nbsp; &nbsp;&nbsp;Prim\u0103ria Ora\u0219ului Rovinari &#8211; Direc\u021bia Public\u0103 de Asisten\u021b\u0103 Social\u0103 distribuie, \u00eencep\u00e2nd cu data de 06.04.2023, ajutoarele POAD const\u00e2nd in produse &nbsp;alimentare.<\/strong><\/h1>\n<h1 style=\"text-align: left;\"><strong>&nbsp;&nbsp;&nbsp; &nbsp;&nbsp;&nbsp;Persoanele eligibile pentru aceste ajutoare sunt:<\/strong><\/h1>\n<h1 style=\"text-align: left;\"><strong>&nbsp;&nbsp;&nbsp;&nbsp;&nbsp;&nbsp;&nbsp;&nbsp;&nbsp; &nbsp;&nbsp;&#8211; beneficiarii&nbsp; aloca\u021biei de sus\u021binere a familiei;<\/strong><\/h1>\n<h1 style=\"text-align: left;\"><strong>&nbsp;&nbsp;&nbsp;&nbsp;&nbsp;&nbsp;&nbsp;&nbsp;&nbsp;&nbsp; &#8211; beneficiarii de ajutor social acordat \u00een baza Legii nr.416\/2001 privind venitul minim garantat, cu modific\u0103rile \u0219i complet\u0103rile ulterioare;<\/strong><\/h1>\n<h1 style=\"text-align: left;\"><strong>&nbsp;&nbsp;&nbsp;&nbsp;&nbsp; &nbsp;&nbsp;&nbsp;&nbsp;&nbsp;&#8211; persoanele cu dizabilit\u0103\u021bi.&nbsp;&nbsp;&nbsp;&nbsp;&nbsp;&nbsp;&nbsp;&nbsp;&nbsp;&nbsp; &nbsp;&nbsp;&nbsp;&nbsp;&nbsp;&nbsp;&nbsp;&nbsp;&nbsp;&nbsp;&nbsp;&nbsp;&nbsp;&nbsp;&nbsp;&nbsp;&nbsp;&nbsp;&nbsp;&nbsp;&nbsp;&nbsp;<\/strong><\/h1>\n<h1 style=\"text-align: left;\"><strong>&nbsp;&nbsp;&nbsp; &nbsp;&nbsp;Persoanele care se \u00eencadreaz\u0103 \u00een ambele categorii beneficiaz\u0103 de pachete cu produse alimentare aferente unei singure categorii din care face parte la data acord\u0103rii ajutoarelor ( art.3, alin 2 din H.G.784\/2018) . <\/strong><\/h1>\n<h1 style=\"text-align: left;\"><strong>&nbsp; &nbsp;&nbsp;&nbsp;&nbsp;&nbsp;Persoanele \u00eendrept\u0103<\/strong><strong>\u021b<\/strong><strong>ite sunt a\u0219teptate zilnic, de luni p\u00e2n\u0103 vineri, \u00een intervalul orar 10.00-14.00, \u00een incinta Spa\u021biului&nbsp; de Agrement &nbsp;din&nbsp; Parcul Central ( fost PT) .<\/strong><\/h1>\n<h1 style=\"text-align: left;\"><strong>&nbsp;&nbsp;&nbsp;&nbsp; &nbsp;&nbsp;Actele necesare pentru ridicarea pachetului cu produse alimentare POAD sunt:<\/strong><\/h1>\n<ul>\n<li style=\"text-align: left;\">\n<h1><strong>cartea de identitate;<\/strong><\/h1>\n<\/li>\n<li>\n<h1 style=\"text-align: left;\"><strong>certificatul de \u00eencadrare \u00een grad de handicap(unde este cazul).<\/strong><\/h1>\n<\/li>\n<\/ul>\n<p><strong>&nbsp; &nbsp;&nbsp;<\/strong><\/p>\n<h2 style=\"text-align: left;\"><strong>&nbsp;Primar,&nbsp; &nbsp; &nbsp; &nbsp; &nbsp; &nbsp; &nbsp; &nbsp; &nbsp; &nbsp; &nbsp; &nbsp; &nbsp; &nbsp; &nbsp; Director Executiv, DPAS,&nbsp; &nbsp; &nbsp; &nbsp;<\/strong><strong>Grup de lucru,<\/strong><\/h2>\n<h2 style=\"text-align: left;\"><strong>&nbsp;<\/strong><strong>Robert-Dorin Filip&nbsp; &nbsp; &nbsp; &nbsp; &nbsp; &nbsp; <\/strong><strong>Cristian Milea&nbsp; &nbsp;<\/strong><strong>&nbsp; &nbsp; &nbsp; &nbsp; &nbsp; &nbsp; &nbsp; &nbsp; &nbsp; &nbsp; &nbsp; &nbsp; &nbsp; Loredana Pup\u0103zan&nbsp; &nbsp; &nbsp; &nbsp; &nbsp; &nbsp; &nbsp; &nbsp; &nbsp; &nbsp; &nbsp; &nbsp; &nbsp; &nbsp; &nbsp; &nbsp; &nbsp; &nbsp; &nbsp; &nbsp; &nbsp; &nbsp; &nbsp; &nbsp; &nbsp; &nbsp; &nbsp; &nbsp; &nbsp; &nbsp; &nbsp; &nbsp; &nbsp; &nbsp; &nbsp; &nbsp; &nbsp; &nbsp; &nbsp; &nbsp; &nbsp; &nbsp; &nbsp; &nbsp; &nbsp; &nbsp; &nbsp; &nbsp; &nbsp; &nbsp; &nbsp; &nbsp; &nbsp; &nbsp; &nbsp; &nbsp; &nbsp; <\/strong><strong>Elena Sapun<\/strong><\/h2>\n<p>23<img loading=\"lazy\" decoding=\"async\" class=\"alignnone size-large wp-image-19210\" src=\"https:\/\/www.primariarovinari.ro\/wp-content\/uploads\/2023\/04\/WhatsApp-Image-2023-04-05-at-15.48.47-2-576x1024.jpeg\" alt=\"\" width=\"576\" height=\"1024\" srcset=\"https:\/\/primariarovinari.ro\/old\/wp-content\/uploads\/2023\/04\/WhatsApp-Image-2023-04-05-at-15.48.47-2-576x1024.jpeg 576w, https:\/\/primariarovinari.ro\/old\/wp-content\/uploads\/2023\/04\/WhatsApp-Image-2023-04-05-at-15.48.47-2-95x168.jpeg 95w, https:\/\/primariarovinari.ro\/old\/wp-content\/uploads\/2023\/04\/WhatsApp-Image-2023-04-05-at-15.48.47-2-768x1365.jpeg 768w, https:\/\/primariarovinari.ro\/old\/wp-content\/uploads\/2023\/04\/WhatsApp-Image-2023-04-05-at-15.48.47-2-864x1536.jpeg 864w, https:\/\/primariarovinari.ro\/old\/wp-content\/uploads\/2023\/04\/WhatsApp-Image-2023-04-05-at-15.48.47-2.jpeg 1134w\" sizes=\"auto, (max-width: 576px) 100vw, 576px\" \/> <img loading=\"lazy\" decoding=\"async\" class=\"alignnone size-large wp-image-19211\" src=\"https:\/\/www.primariarovinari.ro\/wp-content\/uploads\/2023\/04\/WhatsApp-Image-2023-04-05-at-15.48.47-1-576x1024.jpeg\" alt=\"\" width=\"576\" height=\"1024\" srcset=\"https:\/\/primariarovinari.ro\/old\/wp-content\/uploads\/2023\/04\/WhatsApp-Image-2023-04-05-at-15.48.47-1-576x1024.jpeg 576w, https:\/\/primariarovinari.ro\/old\/wp-content\/uploads\/2023\/04\/WhatsApp-Image-2023-04-05-at-15.48.47-1-95x168.jpeg 95w, https:\/\/primariarovinari.ro\/old\/wp-content\/uploads\/2023\/04\/WhatsApp-Image-2023-04-05-at-15.48.47-1-768x1365.jpeg 768w, https:\/\/primariarovinari.ro\/old\/wp-content\/uploads\/2023\/04\/WhatsApp-Image-2023-04-05-at-15.48.47-1-864x1536.jpeg 864w, https:\/\/primariarovinari.ro\/old\/wp-content\/uploads\/2023\/04\/WhatsApp-Image-2023-04-05-at-15.48.47-1.jpeg 1134w\" sizes=\"auto, (max-width: 576px) 100vw, 576px\" \/> <img loading=\"lazy\" decoding=\"async\" class=\"alignnone size-large wp-image-19212\" src=\"https:\/\/www.primariarovinari.ro\/wp-content\/uploads\/2023\/04\/WhatsApp-Image-2023-04-05-at-15.48.47-1024x576.jpeg\" alt=\"\" width=\"1024\" height=\"576\" srcset=\"https:\/\/primariarovinari.ro\/old\/wp-content\/uploads\/2023\/04\/WhatsApp-Image-2023-04-05-at-15.48.47-1024x576.jpeg 1024w, https:\/\/primariarovinari.ro\/old\/wp-content\/uploads\/2023\/04\/WhatsApp-Image-2023-04-05-at-15.48.47-168x95.jpeg 168w, https:\/\/primariarovinari.ro\/old\/wp-content\/uploads\/2023\/04\/WhatsApp-Image-2023-04-05-at-15.48.47-768x432.jpeg 768w, https:\/\/primariarovinari.ro\/old\/wp-content\/uploads\/2023\/04\/WhatsApp-Image-2023-04-05-at-15.48.47-1536x864.jpeg 1536w, https:\/\/primariarovinari.ro\/old\/wp-content\/uploads\/2023\/04\/WhatsApp-Image-2023-04-05-at-15.48.47.jpeg 2016w\" sizes=\"auto, (max-width: 1024px) 100vw, 1024px\" \/><\/p>\n<p><strong>&nbsp;&nbsp;&nbsp;&nbsp;&nbsp;&nbsp;&nbsp;&nbsp;&nbsp;&nbsp;&nbsp;&nbsp;&nbsp;&nbsp;&nbsp;&nbsp;&nbsp;&nbsp;&nbsp;&nbsp;&nbsp;&nbsp;&nbsp;&nbsp;&nbsp;&nbsp;&nbsp;&nbsp;&nbsp;&nbsp;&nbsp;&nbsp;&nbsp;&nbsp;&nbsp;&nbsp;&nbsp;&nbsp;&nbsp;&nbsp;&nbsp;&nbsp;&nbsp;&nbsp;&nbsp;&nbsp;&nbsp;&nbsp;&nbsp;&nbsp;&nbsp;&nbsp;&nbsp;&nbsp;&nbsp;&nbsp;&nbsp;&nbsp;&nbsp;&nbsp; &nbsp;&nbsp;&nbsp;&nbsp;<\/strong><\/p>\n","protected":false},"excerpt":{"rendered":"<p>13986\/05.04.20 &nbsp; &nbsp;ANUN\u021a,&nbsp; &nbsp;&nbsp;&nbsp;&nbsp;&nbsp;&nbsp;&nbsp;&nbsp;&nbsp;&nbsp;&nbsp;&nbsp;&nbsp;&nbsp;&nbsp;&nbsp;&nbsp; &nbsp;&nbsp;&nbsp; cu privire la distribuirea ajutoarelor POAD &#8211; PRODUSE ALIMENTARE &nbsp; &nbsp;&nbsp;&nbsp;&nbsp; &nbsp;&nbsp;Prim\u0103ria Ora\u0219ului Rovinari &#8211; Direc\u021bia Public\u0103 de Asisten\u021b\u0103 Social\u0103 distribuie, \u00eencep\u00e2nd cu data de 06.04.2023, ajutoarele POAD const\u00e2nd in produse &nbsp;alimentare. &nbsp;&nbsp;&nbsp; &nbsp;&nbsp;&nbsp;Persoanele eligibile pentru aceste ajutoare sunt: &nbsp;&nbsp;&nbsp;&nbsp;&nbsp;&nbsp;&nbsp;&nbsp;&nbsp; &nbsp;&nbsp;&#8211; beneficiarii&nbsp; aloca\u021biei de sus\u021binere a familiei; &nbsp;&nbsp;&nbsp;&nbsp;&nbsp;&nbsp;&nbsp;&nbsp;&nbsp;&nbsp; &#8211; beneficiarii [&hellip;]<\/p>\n","protected":false},"author":1001022,"featured_media":0,"comment_status":"open","ping_status":"open","sticky":false,"template":"","format":"standard","meta":{"ngg_post_thumbnail":0,"footnotes":""},"categories":[9,626,3],"tags":[],"class_list":["post-19209","post","type-post","status-publish","format-standard","hentry","category-anunturi","category-asistenta-sociala","category-comunicate-de-presa"],"_links":{"self":[{"href":"https:\/\/primariarovinari.ro\/old\/wp-json\/wp\/v2\/posts\/19209","targetHints":{"allow":["GET"]}}],"collection":[{"href":"https:\/\/primariarovinari.ro\/old\/wp-json\/wp\/v2\/posts"}],"about":[{"href":"https:\/\/primariarovinari.ro\/old\/wp-json\/wp\/v2\/types\/post"}],"author":[{"embeddable":true,"href":"https:\/\/primariarovinari.ro\/old\/wp-json\/wp\/v2\/users\/1001022"}],"replies":[{"embeddable":true,"href":"https:\/\/primariarovinari.ro\/old\/wp-json\/wp\/v2\/comments?post=19209"}],"version-history":[{"count":0,"href":"https:\/\/primariarovinari.ro\/old\/wp-json\/wp\/v2\/posts\/19209\/revisions"}],"wp:attachment":[{"href":"https:\/\/primariarovinari.ro\/old\/wp-json\/wp\/v2\/media?parent=19209"}],"wp:term":[{"taxonomy":"category","embeddable":true,"href":"https:\/\/primariarovinari.ro\/old\/wp-json\/wp\/v2\/categories?post=19209"},{"taxonomy":"post_tag","embeddable":true,"href":"https:\/\/primariarovinari.ro\/old\/wp-json\/wp\/v2\/tags?post=19209"}],"curies":[{"name":"wp","href":"https:\/\/api.w.org\/{rel}","templated":true}]}}