{"id":18927,"date":"2022-11-04T13:17:42","date_gmt":"2022-11-04T10:17:42","guid":{"rendered":"https:\/\/www.primariarovinari.ro\/?p=18927"},"modified":"2022-11-04T13:20:03","modified_gmt":"2022-11-04T10:20:03","slug":"18927","status":"publish","type":"post","link":"https:\/\/primariarovinari.ro\/old\/2022\/11\/18927\/","title":{"rendered":""},"content":{"rendered":"<h1>&nbsp;&nbsp;&nbsp;&nbsp;&nbsp;&nbsp;&nbsp;&nbsp; Nr.49618 din: 03.11.2022<\/h1>\n<h1>&nbsp; &nbsp; &nbsp; &nbsp; &nbsp; &nbsp; &nbsp; &nbsp; &nbsp; &nbsp; &nbsp; &nbsp; &nbsp; &nbsp; &nbsp; &nbsp; &nbsp; &nbsp; &nbsp; &nbsp; &nbsp; &nbsp; &nbsp; &nbsp; &nbsp; &nbsp; ANUN\u021a<\/h1>\n<h2><strong>Cu ocazia s\u0103rb\u0103torilor de iarn\u0103, Consiliul Local al ora\u0219ului Rovinari \u0219i Prim\u0103ria Rovinari vor acorda beneficii sociale const\u00e2nd \u00een tichete sociale cu o valoare de 60 lei\/tichet, pentru familiile\/persoane cu domiciliul sau re\u0219edin\u021ba pe raza administrativ teritorial\u0103 a ora\u0219ului Rovinari, ale c\u0103ror venituri\/membru de familie se incadreaz\u0103 p\u00e2n\u0103 la suma de 559 lei\/ luna( limita maxim\u0103 admis\u0103 pentru beneficiarii de aloca\u021bie pentru sus\u021binerea familiei, conform Legii nr. 277\/2010) \u0219i pachete cu dulciuri \u00een valoare de 60 lei\/pachet\/copil, pentru copiii proveni\u021bi din familiile beneficiare de tichete sociale, p\u00e2n\u0103 la varsta de 18 ani (inclusiv pentru cei care au implinit v\u00e2rsta, dar fac dovada c\u0103 frecventeaz\u0103 cursurile liceale sau cursuri de \u0219coli profesionale).<\/strong><\/h2>\n<h2><strong>\u00censcrierile se efectueaz\u0103 \u00een perioada&nbsp; 07.11.2022-23.11.2022, \u00eentre orele 10.00-15.00, la sediul Prim\u0103riei Ora\u0219 Rovinari &#8211; Compartimentul Protec\u021bie Social\u0103, unde se va elibera un bon de ordine pe care \u00eel va prezenta&nbsp; persoana \u00eenscris\u0103 la distribuirea tichetului \u00een data program\u0103rii.<\/strong><\/h2>\n<h2 style=\"text-align: left;\"><strong>&nbsp; &nbsp;&nbsp;&nbsp;&nbsp;&nbsp;&nbsp;&nbsp;&nbsp;&nbsp;&nbsp;&nbsp;&nbsp;&nbsp;Acte necesare :<\/strong><\/h2>\n<h2 style=\"text-align: left;\"><strong>&nbsp;&#8211; cerere \u0219i declara\u021bie pe propria r\u0103spundere;<\/strong><\/h2>\n<h2 style=\"text-align: left;\"><strong>&nbsp;&#8211; acte de identitate ale solicitantului \u0219i ale membrilor familiei;<\/strong><\/h2>\n<h2 style=\"text-align: left;\"><strong>&nbsp;&#8211; acte de stare civil\u0103;<\/strong><\/h2>\n<h2 style=\"text-align: left;\"><strong>&nbsp;&#8211; certificate de na\u0219tere pentru persoanele cu v\u00e2rsta de p\u00e2n\u0103 la 14 ani;<\/strong><\/h2>\n<h2 style=\"text-align: left;\"><strong>&nbsp;-hot\u0103r\u00e2re definitiv\u0103 \u0219i irevocabil\u0103 de incredin\u021bare a minorilor, de \u00eencuviin\u021bare a adop\u021biei, hot\u0103r\u00e2re plasament familial al minorului, documente din care s\u0103 rezulte calitatea solicitantului de tutore sau curator ;<\/strong><\/h2>\n<h2 style=\"text-align: left;\"><strong>&nbsp;&#8211; persoanele majore care frecventeaz\u0103 cursurile \u0219colare, forma de zi, vor prezenta adeverin\u021b\u0103 de la unitatea \u0219colar\u0103 \u00een care se va men\u021biona forma de \u00eenva\u021b\u0103m\u00e2nt ;<\/strong><\/h2>\n<h2 style=\"text-align: left;\"><strong>&nbsp;-veniturile persoanei singure sau ale familiei se dovedesc cu adeverin\u021be privind salariul&nbsp; net, cupoane, mandate sau taloane pentru veniturile realizate,etc;<\/strong><\/h2>\n<h2 style=\"text-align: left;\"><strong>&#8211; contract de proprietate al imobilului ( inchiriere, comodat,etc);<\/strong><\/h2>\n<h2 style=\"text-align: left;\"><strong>&#8211; persoanele majore care nu realizeaz\u0103 venituri din nici o surs\u0103 vor depune cerere la sediul Prim\u0103riei ora\u0219 Rovinari pentru eliberarea unei adeverin\u021be ANAF-PATRIMVEN.<\/strong><\/h2>\n<h2 style=\"text-align: left;\"><strong>Tichetele sociale se vor distribui familiilor dup\u0103 cum urmeaz\u0103&nbsp;:<\/strong><\/h2>\n<h2 style=\"text-align: left;\"><strong>&#8211; la persoanele singure \u0219i familii cu doi membri&nbsp; &#8211; un&nbsp; tichet;<\/strong><\/h2>\n<h2 style=\"text-align: left;\"><strong>&#8211; la familiile compuse din 3-5 membri &#8211; dou\u0103 tichete;<\/strong><\/h2>\n<h2 style=\"text-align: left;\"><strong>&#8211; la familiile compuse din &nbsp;peste 5 membri &#8211; trei tichete.<\/strong><\/h2>\n<h2 style=\"text-align: left;\"><strong>&nbsp;&nbsp; V\u0103 mul\u021bumim pentru \u00een\u021belegere!<\/strong><\/h2>\n<h2 style=\"text-align: left;\">&nbsp;<\/h2>\n<h2><strong>&nbsp;&nbsp;&nbsp;&nbsp;&nbsp; &nbsp;&nbsp;Primar,&nbsp; &nbsp; &nbsp; &nbsp; &nbsp; &nbsp; &nbsp; &nbsp; &nbsp; &nbsp; &nbsp; &nbsp; &nbsp; &nbsp; &nbsp; &nbsp; &nbsp; &nbsp; &nbsp; Sef S.P.A.S.&nbsp;&nbsp;&nbsp;&nbsp;&nbsp;&nbsp;&nbsp;&nbsp;&nbsp;&nbsp;&nbsp;&nbsp;&nbsp;&nbsp; &nbsp;&nbsp;&nbsp;&nbsp;&nbsp;&nbsp;&nbsp;&nbsp;&nbsp;&nbsp;&nbsp; &nbsp;&nbsp;&nbsp;&nbsp;&nbsp;&nbsp;&nbsp;&nbsp;&nbsp;&nbsp; &nbsp;&nbsp;&nbsp;&nbsp;\u00centocmit,<\/strong><\/h2>\n<h2><strong>&nbsp; Robert&nbsp; Dorin Filip&nbsp; &nbsp; &nbsp; &nbsp; &nbsp; &nbsp; &nbsp; &nbsp; &nbsp; &nbsp; Diana Marghitu&nbsp;&nbsp;&nbsp;&nbsp;&nbsp;&nbsp;&nbsp;&nbsp;&nbsp;&nbsp;&nbsp;&nbsp;&nbsp;&nbsp;&nbsp;&nbsp;&nbsp;&nbsp;&nbsp;&nbsp;&nbsp;&nbsp;&nbsp;&nbsp;&nbsp;&nbsp;&nbsp;&nbsp;&nbsp;&nbsp;&nbsp; Loredana Pupazan<\/strong><\/h2>\n","protected":false},"excerpt":{"rendered":"<p>&nbsp;&nbsp;&nbsp;&nbsp;&nbsp;&nbsp;&nbsp;&nbsp; Nr.49618 din: 03.11.2022 &nbsp; &nbsp; &nbsp; &nbsp; &nbsp; &nbsp; &nbsp; &nbsp; &nbsp; &nbsp; &nbsp; &nbsp; &nbsp; &nbsp; &nbsp; &nbsp; &nbsp; &nbsp; &nbsp; &nbsp; &nbsp; &nbsp; &nbsp; &nbsp; &nbsp; &nbsp; ANUN\u021a Cu ocazia s\u0103rb\u0103torilor de iarn\u0103, Consiliul Local al ora\u0219ului Rovinari \u0219i Prim\u0103ria Rovinari vor acorda beneficii sociale const\u00e2nd \u00een tichete sociale cu o valoare [&hellip;]<\/p>\n","protected":false},"author":1001022,"featured_media":0,"comment_status":"open","ping_status":"open","sticky":false,"template":"","format":"standard","meta":{"ngg_post_thumbnail":0,"footnotes":""},"categories":[677,626,3],"tags":[],"class_list":["post-18927","post","type-post","status-publish","format-standard","hentry","category-fond-locativ-anunturi","category-asistenta-sociala","category-comunicate-de-presa"],"_links":{"self":[{"href":"https:\/\/primariarovinari.ro\/old\/wp-json\/wp\/v2\/posts\/18927","targetHints":{"allow":["GET"]}}],"collection":[{"href":"https:\/\/primariarovinari.ro\/old\/wp-json\/wp\/v2\/posts"}],"about":[{"href":"https:\/\/primariarovinari.ro\/old\/wp-json\/wp\/v2\/types\/post"}],"author":[{"embeddable":true,"href":"https:\/\/primariarovinari.ro\/old\/wp-json\/wp\/v2\/users\/1001022"}],"replies":[{"embeddable":true,"href":"https:\/\/primariarovinari.ro\/old\/wp-json\/wp\/v2\/comments?post=18927"}],"version-history":[{"count":0,"href":"https:\/\/primariarovinari.ro\/old\/wp-json\/wp\/v2\/posts\/18927\/revisions"}],"wp:attachment":[{"href":"https:\/\/primariarovinari.ro\/old\/wp-json\/wp\/v2\/media?parent=18927"}],"wp:term":[{"taxonomy":"category","embeddable":true,"href":"https:\/\/primariarovinari.ro\/old\/wp-json\/wp\/v2\/categories?post=18927"},{"taxonomy":"post_tag","embeddable":true,"href":"https:\/\/primariarovinari.ro\/old\/wp-json\/wp\/v2\/tags?post=18927"}],"curies":[{"name":"wp","href":"https:\/\/api.w.org\/{rel}","templated":true}]}}