{"id":1887,"date":"2010-10-04T13:57:16","date_gmt":"2010-10-04T11:57:16","guid":{"rendered":"http:\/\/www.primariarovinari.ro\/?p=1887"},"modified":"2010-10-04T14:06:34","modified_gmt":"2010-10-04T12:06:34","slug":"ziua-recoltei-%e2%80%93-10-octombrie-2010","status":"publish","type":"post","link":"https:\/\/primariarovinari.ro\/old\/2010\/10\/ziua-recoltei-%e2%80%93-10-octombrie-2010\/","title":{"rendered":"Ziua Recoltei \u2013 10 octombrie 2010"},"content":{"rendered":"<p style=\"text-align: justify;\"><a href=\"http:\/\/www.primariarovinari.ro\/wp-content\/uploads\/2010\/10\/ziua_recoltei_rovinari1.jpg\"><img loading=\"lazy\" decoding=\"async\" class=\"alignright size-medium wp-image-1889\" style=\"margin-top: 5px; margin-bottom: 5px;\" title=\"ziua_recoltei_rovinari\" src=\"http:\/\/www.primariarovinari.ro\/wp-content\/uploads\/2010\/10\/ziua_recoltei_rovinari1-300x225.jpg\" alt=\"\" width=\"240\" height=\"180\" srcset=\"https:\/\/primariarovinari.ro\/old\/wp-content\/uploads\/2010\/10\/ziua_recoltei_rovinari1-300x225.jpg 300w, https:\/\/primariarovinari.ro\/old\/wp-content\/uploads\/2010\/10\/ziua_recoltei_rovinari1.jpg 1024w\" sizes=\"auto, (max-width: 240px) 100vw, 240px\" \/><\/a>Prim\u0103ria Rovinari, Consiliul Local \u00eempreun\u0103 cu Casa de Cultur\u0103 \u015fi Biblioteca Rovinari organizeaz\u0103 duminic\u0103 10 octombrie 2010 \u2013 \u201eZiua Recoltei\u201d. Activit\u0103\u0163ile din cadrul manifest\u0103rii vor avea loc \u00een Pia\u0163a Agroalimentar\u0103 din centrul ora\u015fului Rovinari, \u00eencep\u00e2nd cu orele 10.00.<\/p>\n<p style=\"text-align: justify;\">Standurile vor fi amenajate astfel \u00eenc\u00e2t produc\u0103torii agricoli individuali de fructe \u015fi legume s\u0103-\u015fi prezinte \u015fi s\u0103-\u015fi v\u00e2nd\u0103 produsele de sezon.<\/p>\n<p style=\"text-align: justify;\">Se va organiza \u015fi o expozi\u0163ie cu v\u00e2nzare de produse tradi\u0163ionale rom\u00e2ne\u015fti, vinuri, fructe \u015fi legume, preparate din buc\u0103t\u0103ria tradi\u0163ional\u0103 rom\u00e2neasc\u0103 precum \u015fi obiecte de art\u0103.<\/p>\n<p style=\"text-align: center;\">V\u0103 a\u015ftept\u0103m \u00een pia\u0163\u0103 pentru a vedea \u00eempreun\u0103 c\u00e2t de bogat\u0103 a fost recolta anul acesta.<\/p>\n","protected":false},"excerpt":{"rendered":"<p>Prim\u0103ria Rovinari, Consiliul Local \u00eempreun\u0103 cu Casa de Cultur\u0103 \u015fi Biblioteca Rovinari organizeaz\u0103 duminic\u0103 10 octombrie 2010 \u2013 \u201eZiua Recoltei\u201d. Activit\u0103\u0163ile din cadrul manifest\u0103rii vor avea loc \u00een Pia\u0163a Agroalimentar\u0103 din centrul ora\u015fului Rovinari, \u00eencep\u00e2nd cu orele 10.00. Standurile vor fi amenajate astfel \u00eenc\u00e2t produc\u0103torii agricoli individuali de fructe \u015fi legume s\u0103-\u015fi prezinte \u015fi s\u0103-\u015fi [&hellip;]<\/p>\n","protected":false},"author":1001008,"featured_media":0,"comment_status":"open","ping_status":"open","sticky":false,"template":"","format":"standard","meta":{"ngg_post_thumbnail":0,"footnotes":""},"categories":[9],"tags":[20],"class_list":["post-1887","post","type-post","status-publish","format-standard","hentry","category-anunturi","tag-ziua-recoltei"],"_links":{"self":[{"href":"https:\/\/primariarovinari.ro\/old\/wp-json\/wp\/v2\/posts\/1887","targetHints":{"allow":["GET"]}}],"collection":[{"href":"https:\/\/primariarovinari.ro\/old\/wp-json\/wp\/v2\/posts"}],"about":[{"href":"https:\/\/primariarovinari.ro\/old\/wp-json\/wp\/v2\/types\/post"}],"author":[{"embeddable":true,"href":"https:\/\/primariarovinari.ro\/old\/wp-json\/wp\/v2\/users\/1001008"}],"replies":[{"embeddable":true,"href":"https:\/\/primariarovinari.ro\/old\/wp-json\/wp\/v2\/comments?post=1887"}],"version-history":[{"count":0,"href":"https:\/\/primariarovinari.ro\/old\/wp-json\/wp\/v2\/posts\/1887\/revisions"}],"wp:attachment":[{"href":"https:\/\/primariarovinari.ro\/old\/wp-json\/wp\/v2\/media?parent=1887"}],"wp:term":[{"taxonomy":"category","embeddable":true,"href":"https:\/\/primariarovinari.ro\/old\/wp-json\/wp\/v2\/categories?post=1887"},{"taxonomy":"post_tag","embeddable":true,"href":"https:\/\/primariarovinari.ro\/old\/wp-json\/wp\/v2\/tags?post=1887"}],"curies":[{"name":"wp","href":"https:\/\/api.w.org\/{rel}","templated":true}]}}