{"id":18862,"date":"2022-10-12T11:29:39","date_gmt":"2022-10-12T08:29:39","guid":{"rendered":"https:\/\/www.primariarovinari.ro\/?p=18862"},"modified":"2022-10-12T14:38:03","modified_gmt":"2022-10-12T11:38:03","slug":"anunt-privind-inscrierea-in-registrul-de-evidenta-a-sistemelor-individuale-adecvate-pentru-colectarea-si-epurarea-apelor-uzate","status":"publish","type":"post","link":"https:\/\/primariarovinari.ro\/old\/2022\/10\/anunt-privind-inscrierea-in-registrul-de-evidenta-a-sistemelor-individuale-adecvate-pentru-colectarea-si-epurarea-apelor-uzate\/","title":{"rendered":"Anun\u021b privind \u00eenscrierea \u00een Registrul de Eviden\u021b\u0103 a Sistemelor Individuale Adecvate pentru Colectarea \u0219i Epurarea Apelor Uzate"},"content":{"rendered":"<h2 style=\"text-align: left;\">Conform Hot\u0103r\u00e2rii nr. 714 din 26 mai 2022 privind aprobarea criteriilor pentru autorizarea, construc\u021bia, \u00eenscrierea\/\u00eenregistrarea, controlul, exploatarea \u0219i \u00eentre\u021binerea sistemelor individuale adecvate de colectare \u0219i epurare a apelor uzate, persoanele fizice \u0219i juridice, proprietari a spa\u021biilor conectate la un sistem individual adecvat de epurare au obliga\u021bia de a se \u00eenscrie \u00een Registrul de Eviden\u021b\u0103 a Sistemelor Individuale Adecvate pentru Colectarea \u0219i Epurarea Apelor Uzate al&nbsp; \u00een termen de 120 de zile de la conectarea incintei la sistemul de colectare \u0219i\/sau epurare a apelor uzate.<br \/>\n&nbsp;&nbsp;&nbsp;&nbsp; ATEN\u021aIE! Obliga\u021bia \u00eenregistr\u0103rii revine \u0219i proprietarilor de sisteme individuale adecvate construite \u00eenainte de intrarea \u00een vigoare a prezentului act normativ, \u00een termen de 180 de zile de la intrarea \u00een vigoare a Hot\u0103r\u00e2rii Guvernului.<br \/>\n&nbsp;&nbsp;&nbsp;&nbsp;&nbsp; \u00cen conformitate cu art. 23 din Hot\u0103r\u00e2rea nr. 714 din 26 mai 2022 privind aprobarea criteriilor pentru autorizarea, construc\u021bia, \u00eenscrierea\/\u00eenregistrarea, controlul, exploatarea \u0219i \u00eentre\u021binerea sistemelor individuale adecvate de colectare \u0219i epurare a apelor uzate, nerespectarea de c\u0103tre persoanele fizice \u0219i juridice a dispozi\u021biilor art. 11 alin. (1) \u0219i (2) \u0219i art. 15 alin. (2), constituie contraven\u021bie \u0219i se sanc\u021bioneaz\u0103 cu amend\u0103 de la 5.000 de lei la 10.000 de lei.<\/h2>\n<h2 style=\"text-align: left;\">30 Octombrie 2022 este termenul limit\u0103 pentru \u00eenscrierea in Registrul de Evident\u0103 a Sistemelor Individuale Adecvate pentru Colectarea si Epurarea Apelor Uzate.<br \/>\n&nbsp;&nbsp;&nbsp;&nbsp;&nbsp; Pentru \u00eenscrierea \u00een registru v\u0103 rug\u0103m completa\u021bi datele dvs. \u00een formularul anexat, formular pe care \u00eel pute\u021bi transmite pe e-mail la office@primariarovinari.ro sau la sediul prim\u0103riei, la registratur\u0103.<\/h2>\n<h2>Primar,<\/h2>\n<h2>Filip Robert Dorin<\/h2>\n<p><a href=\"https:\/\/www.primariarovinari.ro\/wp-content\/uploads\/2022\/10\/Anunt.pdf\">Anunt<\/a><\/p>\n<p><a href=\"https:\/\/www.primariarovinari.ro\/wp-content\/uploads\/2022\/10\/Model-cerere.pdf\">Model cerere<\/a><\/p>\n","protected":false},"excerpt":{"rendered":"<p>Conform Hot\u0103r\u00e2rii nr. 714 din 26 mai 2022 privind aprobarea criteriilor pentru autorizarea, construc\u021bia, \u00eenscrierea\/\u00eenregistrarea, controlul, exploatarea \u0219i \u00eentre\u021binerea sistemelor individuale adecvate de colectare \u0219i epurare a apelor uzate, persoanele fizice \u0219i juridice, proprietari a spa\u021biilor conectate la un sistem individual adecvat de epurare au obliga\u021bia de a se \u00eenscrie \u00een Registrul de Eviden\u021b\u0103 a [&hellip;]<\/p>\n","protected":false},"author":1001022,"featured_media":0,"comment_status":"open","ping_status":"open","sticky":false,"template":"","format":"standard","meta":{"ngg_post_thumbnail":0,"footnotes":""},"categories":[9,3,515],"tags":[],"class_list":["post-18862","post","type-post","status-publish","format-standard","hentry","category-anunturi","category-comunicate-de-presa","category-urbanism"],"_links":{"self":[{"href":"https:\/\/primariarovinari.ro\/old\/wp-json\/wp\/v2\/posts\/18862","targetHints":{"allow":["GET"]}}],"collection":[{"href":"https:\/\/primariarovinari.ro\/old\/wp-json\/wp\/v2\/posts"}],"about":[{"href":"https:\/\/primariarovinari.ro\/old\/wp-json\/wp\/v2\/types\/post"}],"author":[{"embeddable":true,"href":"https:\/\/primariarovinari.ro\/old\/wp-json\/wp\/v2\/users\/1001022"}],"replies":[{"embeddable":true,"href":"https:\/\/primariarovinari.ro\/old\/wp-json\/wp\/v2\/comments?post=18862"}],"version-history":[{"count":0,"href":"https:\/\/primariarovinari.ro\/old\/wp-json\/wp\/v2\/posts\/18862\/revisions"}],"wp:attachment":[{"href":"https:\/\/primariarovinari.ro\/old\/wp-json\/wp\/v2\/media?parent=18862"}],"wp:term":[{"taxonomy":"category","embeddable":true,"href":"https:\/\/primariarovinari.ro\/old\/wp-json\/wp\/v2\/categories?post=18862"},{"taxonomy":"post_tag","embeddable":true,"href":"https:\/\/primariarovinari.ro\/old\/wp-json\/wp\/v2\/tags?post=18862"}],"curies":[{"name":"wp","href":"https:\/\/api.w.org\/{rel}","templated":true}]}}