{"id":1879,"date":"2010-10-04T09:49:55","date_gmt":"2010-10-04T07:49:55","guid":{"rendered":"http:\/\/www.primariarovinari.ro\/?p=1879"},"modified":"2010-10-04T10:18:13","modified_gmt":"2010-10-04T08:18:13","slug":"ziua-varstnicilor-aniversata-si-la-rovinari","status":"publish","type":"post","link":"https:\/\/primariarovinari.ro\/old\/2010\/10\/ziua-varstnicilor-aniversata-si-la-rovinari\/","title":{"rendered":"Ziua v\u00e2rstnicilor aniversat\u0103 \u015fi la Rovinari"},"content":{"rendered":"<p style=\"text-align: justify;\"><object classid=\"clsid:d27cdb6e-ae6d-11cf-96b8-444553540000\" width=\"300\" height=\"200\" codebase=\"http:\/\/download.macromedia.com\/pub\/shockwave\/cabs\/flash\/swflash.cab#version=6,0,40,0\"><param name=\"src\" value=\"http:\/\/www.youtube.com\/v\/rP69PnDrdbM\" \/><param name=\"align\" value=\"left\" \/><param name=\"vspace\" value=\"10\" \/><param name=\"hspace\" value=\"10\" \/><embed type=\"application\/x-shockwave-flash\" width=\"300\" height=\"200\" src=\"http:\/\/www.youtube.com\/v\/rP69PnDrdbM\" hspace=\"10\" vspace=\"10\" align=\"left\"><\/embed><\/object>Vineri 01 octombrie 2010, peste 220 de persoane v\u00e2rstnice au participat la petrecerea organizat\u0103 de prim\u0103rie cu ocazia anivers\u0103rii Zilei Interna\u0163ionale a Persoanelor V\u00e2rstnice. Petrecerea a fost oferit\u0103 persoanelor de v\u00e2rsta a III\u2013a din ora\u015ful Rovinari.<\/p>\n<p style=\"text-align: justify;\">Seniorilor li s-a oferit o mas\u0103 festiv\u0103, un program de muzic\u0103 specific v\u00e2rstei lor, concurs de dans, \u015fah, s-a organizat o tombol\u0103 \u00een cadrul c\u0103reia s-au c\u00e2\u015ftigat 31 de premii const\u00e2nd \u00een aparate radio, casetofoane, MP3 playere, pick-upuri. V\u00e2rstnicii s-au sim\u0163it bine, fiind foarte mul\u0163umi\u0163i de programul oferit \u00een acest an de ziua lor.<\/p>\n<p style=\"text-align: justify;\">Au mai r\u0103spuns invita\u0163iei de a participa la acest eveniment pre\u015fedintele \u015fi vicepre\u015fedintele Consiliului Jude\u0163ean Gorj \u2013 Ion C\u0103linoiu \u015fi Vasile R\u00e2bu, directoarea Casei Jude\u0163ene de Pensii Gorj \u2013 Ghimi\u015fi Rodica, pre\u015fedintele Consiliul Jude\u0163ean al Persoanelor V\u00e2rstnice Gorj \u2013 Vulpe Gheorghe.<\/p>\n<p style=\"text-align: justify;\"><!--more-->ngg_shortcode_0_placeholder<\/p>\n<p style=\"text-align: justify;\">\n","protected":false},"excerpt":{"rendered":"<p>Vineri 01 octombrie 2010, peste 220 de persoane v\u00e2rstnice au participat la petrecerea organizat\u0103 de prim\u0103rie cu ocazia anivers\u0103rii Zilei Interna\u0163ionale a Persoanelor V\u00e2rstnice. Petrecerea a fost oferit\u0103 persoanelor de v\u00e2rsta a III\u2013a din ora\u015ful Rovinari. Seniorilor li s-a oferit o mas\u0103 festiv\u0103, un program de muzic\u0103 specific v\u00e2rstei lor, concurs de dans, \u015fah, s-a [&hellip;]<\/p>\n","protected":false},"author":1001008,"featured_media":0,"comment_status":"open","ping_status":"open","sticky":false,"template":"","format":"standard","meta":{"ngg_post_thumbnail":0,"footnotes":""},"categories":[4],"tags":[19],"class_list":["post-1879","post","type-post","status-publish","format-standard","hentry","category-informatii-locale","tag-ziua-varstnicilor"],"_links":{"self":[{"href":"https:\/\/primariarovinari.ro\/old\/wp-json\/wp\/v2\/posts\/1879","targetHints":{"allow":["GET"]}}],"collection":[{"href":"https:\/\/primariarovinari.ro\/old\/wp-json\/wp\/v2\/posts"}],"about":[{"href":"https:\/\/primariarovinari.ro\/old\/wp-json\/wp\/v2\/types\/post"}],"author":[{"embeddable":true,"href":"https:\/\/primariarovinari.ro\/old\/wp-json\/wp\/v2\/users\/1001008"}],"replies":[{"embeddable":true,"href":"https:\/\/primariarovinari.ro\/old\/wp-json\/wp\/v2\/comments?post=1879"}],"version-history":[{"count":0,"href":"https:\/\/primariarovinari.ro\/old\/wp-json\/wp\/v2\/posts\/1879\/revisions"}],"wp:attachment":[{"href":"https:\/\/primariarovinari.ro\/old\/wp-json\/wp\/v2\/media?parent=1879"}],"wp:term":[{"taxonomy":"category","embeddable":true,"href":"https:\/\/primariarovinari.ro\/old\/wp-json\/wp\/v2\/categories?post=1879"},{"taxonomy":"post_tag","embeddable":true,"href":"https:\/\/primariarovinari.ro\/old\/wp-json\/wp\/v2\/tags?post=1879"}],"curies":[{"name":"wp","href":"https:\/\/api.w.org\/{rel}","templated":true}]}}