{"id":1865,"date":"2010-09-27T13:35:14","date_gmt":"2010-09-27T11:35:14","guid":{"rendered":"http:\/\/www.primariarovinari.ro\/?p=1865"},"modified":"2010-09-27T13:38:10","modified_gmt":"2010-09-27T11:38:10","slug":"program-dedicat-varstnicilor-cu-ocazia-zilei-internationale-a-persoanelor-varstnice","status":"publish","type":"post","link":"https:\/\/primariarovinari.ro\/old\/2010\/09\/program-dedicat-varstnicilor-cu-ocazia-zilei-internationale-a-persoanelor-varstnice\/","title":{"rendered":"Program dedicat v\u00e2rstnicilor cu ocazia Zilei Interna\u0163ionale a Persoanelor V\u00e2rstnice"},"content":{"rendered":"<p style=\"text-align: justify;\"><a href=\"http:\/\/www.primariarovinari.ro\/wp-content\/uploads\/2010\/09\/ziua_varstnicilor_rovinari.jpg\"><img loading=\"lazy\" decoding=\"async\" class=\"alignright size-medium wp-image-1866\" title=\"ziua_varstnicilor_rovinari\" src=\"http:\/\/www.primariarovinari.ro\/wp-content\/uploads\/2010\/09\/ziua_varstnicilor_rovinari-300x225.jpg\" alt=\"\" width=\"300\" height=\"225\" srcset=\"https:\/\/primariarovinari.ro\/old\/wp-content\/uploads\/2010\/09\/ziua_varstnicilor_rovinari-300x225.jpg 300w, https:\/\/primariarovinari.ro\/old\/wp-content\/uploads\/2010\/09\/ziua_varstnicilor_rovinari.jpg 1024w\" sizes=\"auto, (max-width: 300px) 100vw, 300px\" \/><\/a>Prim\u0103ria Rovinari, Casa de Cultur\u0103 \u015fi Biblioteca Rovinari vor organiza \u015fi \u00een acest an un program dedicat persoanelor v\u00e2rstnice. Autorit\u0103\u0163ile locale vor organiza vineri 01.10.2010 \u00eencep\u00e2nd cu orele 13.00 un program artistic, o masa festiv\u0103 \u015fi diferite concursuri toate dedicate persoanelor de peste 60 de ani domiciliate \u00een ora\u015ful Rovinari.<\/p>\n<p style=\"text-align: justify;\">Prim\u0103ria va \u00eencepe de miercuri distribuirea unui num\u0103r de 80 de invita\u0163ii valabile pentru dou\u0103 persoane, care se ridic\u0103 de la secretariatul prim\u0103riei \u00eentre orele 10.00-13.00.<\/p>\n<p style=\"text-align: center;\">V\u0103 a\u015ftept\u0103m cu pl\u0103cere !<\/p>\n","protected":false},"excerpt":{"rendered":"<p>Prim\u0103ria Rovinari, Casa de Cultur\u0103 \u015fi Biblioteca Rovinari vor organiza \u015fi \u00een acest an un program dedicat persoanelor v\u00e2rstnice. Autorit\u0103\u0163ile locale vor organiza vineri 01.10.2010 \u00eencep\u00e2nd cu orele 13.00 un program artistic, o masa festiv\u0103 \u015fi diferite concursuri toate dedicate persoanelor de peste 60 de ani domiciliate \u00een ora\u015ful Rovinari. Prim\u0103ria va \u00eencepe de miercuri [&hellip;]<\/p>\n","protected":false},"author":1001008,"featured_media":0,"comment_status":"open","ping_status":"open","sticky":false,"template":"","format":"standard","meta":{"ngg_post_thumbnail":0,"footnotes":""},"categories":[9],"tags":[64,261],"class_list":["post-1865","post","type-post","status-publish","format-standard","hentry","category-anunturi","tag-varstnici","tag-zi-aniversara"],"_links":{"self":[{"href":"https:\/\/primariarovinari.ro\/old\/wp-json\/wp\/v2\/posts\/1865","targetHints":{"allow":["GET"]}}],"collection":[{"href":"https:\/\/primariarovinari.ro\/old\/wp-json\/wp\/v2\/posts"}],"about":[{"href":"https:\/\/primariarovinari.ro\/old\/wp-json\/wp\/v2\/types\/post"}],"author":[{"embeddable":true,"href":"https:\/\/primariarovinari.ro\/old\/wp-json\/wp\/v2\/users\/1001008"}],"replies":[{"embeddable":true,"href":"https:\/\/primariarovinari.ro\/old\/wp-json\/wp\/v2\/comments?post=1865"}],"version-history":[{"count":0,"href":"https:\/\/primariarovinari.ro\/old\/wp-json\/wp\/v2\/posts\/1865\/revisions"}],"wp:attachment":[{"href":"https:\/\/primariarovinari.ro\/old\/wp-json\/wp\/v2\/media?parent=1865"}],"wp:term":[{"taxonomy":"category","embeddable":true,"href":"https:\/\/primariarovinari.ro\/old\/wp-json\/wp\/v2\/categories?post=1865"},{"taxonomy":"post_tag","embeddable":true,"href":"https:\/\/primariarovinari.ro\/old\/wp-json\/wp\/v2\/tags?post=1865"}],"curies":[{"name":"wp","href":"https:\/\/api.w.org\/{rel}","templated":true}]}}