{"id":1831,"date":"2010-09-20T09:26:19","date_gmt":"2010-09-20T07:26:19","guid":{"rendered":"http:\/\/www.primariarovinari.ro\/?p=1831"},"modified":"2010-09-20T12:48:18","modified_gmt":"2010-09-20T10:48:18","slug":"%e2%80%9elet-doit-romania%e2%80%9d-%e2%80%93-curatenie-in-toata-tara-intr-o-singura-zi","status":"publish","type":"post","link":"https:\/\/primariarovinari.ro\/old\/2010\/09\/%e2%80%9elet-doit-romania%e2%80%9d-%e2%80%93-curatenie-in-toata-tara-intr-o-singura-zi\/","title":{"rendered":"\u201eLET`S DO IT ROMANIA\u201d \u2013 CUR\u0102\u0162ENIE \u00ceN TOAT\u0102 \u0162ARA \u00ceNTR-O SINGUR\u0102 ZI"},"content":{"rendered":"<p style=\"text-align: justify;\"><a href=\"http:\/\/www.primariarovinari.ro\/wp-content\/uploads\/2010\/09\/curatenie_intro_zi_rovinari.jpg\"><img loading=\"lazy\" decoding=\"async\" class=\"alignleft size-medium wp-image-1832\" title=\"curatenie_intro_zi_rovinari\" src=\"http:\/\/www.primariarovinari.ro\/wp-content\/uploads\/2010\/09\/curatenie_intro_zi_rovinari-300x168.jpg\" alt=\"\" width=\"300\" height=\"168\" srcset=\"https:\/\/primariarovinari.ro\/old\/wp-content\/uploads\/2010\/09\/curatenie_intro_zi_rovinari-300x168.jpg 300w, https:\/\/primariarovinari.ro\/old\/wp-content\/uploads\/2010\/09\/curatenie_intro_zi_rovinari.jpg 1024w\" sizes=\"auto, (max-width: 300px) 100vw, 300px\" \/><\/a>\u00cen data de 25 septembrie 2010 Prim\u0103ria Rovinari se va al\u0103tura ac\u0163iunii de cur\u0103\u0163are a de\u015feurilor din arealele naturale \u00een cadrul proiectului \u201eLET`S DO IT ROMANIA\u201d \u2013 CUR\u0102\u0162ENIE \u00ceN TOAT\u0102 \u0162ARA \u00ceNTR-O SINGUR\u0102 ZI.<br \/>\nPrim\u0103ria Rovinari va participa la aceast\u0103 ac\u0163iune cu 2 tractoare cu remorci, o autospecial\u0103 pentru colectarea de\u015feurilor \u015fi un num\u0103r de aproximativ 50 de voluntari.<\/p>\n<p style=\"text-align: justify;\">\u201cLet\u2019s Do It, Romania!\u201d este cel mai mare proiect na\u021bional de implicare social\u0103! Acesta este cel mai mare proiect de voluntariat din \u0163ar\u0103, care presupune cur\u0103\u0163area \u00eentregii \u0163\u0103ri de gunoaiele din afara ora\u015felor, \u00eentr-o singur\u0103 zi, fiind creat dup\u0103 modelul implementat \u00een Estonia \u00een 2008.<\/p>\n<p style=\"text-align: justify;\">De ce \u201cLet\u2019s Do It, Romania!\u201d?<br \/>\n-pentru ca ne-am s\u0103turat s\u0103 st\u0103m pe margine \u015fi s\u0103 fim simpli privitori, f\u0103r\u0103 a ac\u0163iona<br \/>\n-pentru c\u0103 dac\u0103 ne unim to\u0163i, pentru o singur\u0103 zi, putem aduce schimb\u0103ri vizibile Rom\u00e2niei;<br \/>\n-pentru c\u0103 \u00een Rom\u00e2nia problema de\u015feurilor este una real\u0103;<br \/>\n\u2013pentru c\u0103 locuitorii Rom\u00e2niei trebuie s\u0103 \u00een\u0163eleag\u0103 importan\u0163a unui comportament responsabil fa\u0163\u0103 de mediu \u015fi necesitatea aplic\u0103rii acestuia \u00een via\u0163a de zi cu zi.<\/p>\n<p style=\"text-align: justify;\"><!--more-->Nu este pentru prima dat\u0103 c\u00e2nd Prim\u0103ria Rovinari i-a atitudine \u00eempotriva polu\u0103rii, spre exemplu \u00een data de 5 iunie 2010 cu ocazia Zilei Mondiale a Mediului institu\u0163ia noastr\u0103 a marcat aceast\u0103 zi printr-o ac\u0163iune de ecologizare a ora\u015fului Rovinari \u015fi a r\u00e2ului Jiu, ac\u0163iune la care au participat 50 de cet\u0103\u0163eni voluntari.<\/p>\n<p style=\"text-align: justify;\">Prim\u0103ria Rovinari cheam\u0103 \u015fi de aceast\u0103 dat\u0103 al\u0103turi de ea c\u00e2t mai mul\u0163i voluntari care s\u0103 participe la aceast\u0103 ac\u0163iune de cur\u0103\u0163are a de\u015feurilor. Punctul de \u00eent\u00e2lnire va fi \u00een fa\u0163a Prim\u0103riei Rovinari s\u00e2mb\u0103t\u0103 25 septembrie 2010 la ora 09.00. Participan\u0163ii vor primi saci de plastic \u015fi m\u0103nu\u015fi.<\/p>\n","protected":false},"excerpt":{"rendered":"<p>\u00cen data de 25 septembrie 2010 Prim\u0103ria Rovinari se va al\u0103tura ac\u0163iunii de cur\u0103\u0163are a de\u015feurilor din arealele naturale \u00een cadrul proiectului \u201eLET`S DO IT ROMANIA\u201d \u2013 CUR\u0102\u0162ENIE \u00ceN TOAT\u0102 \u0162ARA \u00ceNTR-O SINGUR\u0102 ZI. Prim\u0103ria Rovinari va participa la aceast\u0103 ac\u0163iune cu 2 tractoare cu remorci, o autospecial\u0103 pentru colectarea de\u015feurilor \u015fi un num\u0103r de [&hellip;]<\/p>\n","protected":false},"author":1001008,"featured_media":0,"comment_status":"open","ping_status":"open","sticky":false,"template":"","format":"standard","meta":{"ngg_post_thumbnail":0,"footnotes":""},"categories":[9],"tags":[209,257],"class_list":["post-1831","post","type-post","status-publish","format-standard","hentry","category-anunturi","tag-curatenie","tag-letdoit-romania"],"_links":{"self":[{"href":"https:\/\/primariarovinari.ro\/old\/wp-json\/wp\/v2\/posts\/1831","targetHints":{"allow":["GET"]}}],"collection":[{"href":"https:\/\/primariarovinari.ro\/old\/wp-json\/wp\/v2\/posts"}],"about":[{"href":"https:\/\/primariarovinari.ro\/old\/wp-json\/wp\/v2\/types\/post"}],"author":[{"embeddable":true,"href":"https:\/\/primariarovinari.ro\/old\/wp-json\/wp\/v2\/users\/1001008"}],"replies":[{"embeddable":true,"href":"https:\/\/primariarovinari.ro\/old\/wp-json\/wp\/v2\/comments?post=1831"}],"version-history":[{"count":0,"href":"https:\/\/primariarovinari.ro\/old\/wp-json\/wp\/v2\/posts\/1831\/revisions"}],"wp:attachment":[{"href":"https:\/\/primariarovinari.ro\/old\/wp-json\/wp\/v2\/media?parent=1831"}],"wp:term":[{"taxonomy":"category","embeddable":true,"href":"https:\/\/primariarovinari.ro\/old\/wp-json\/wp\/v2\/categories?post=1831"},{"taxonomy":"post_tag","embeddable":true,"href":"https:\/\/primariarovinari.ro\/old\/wp-json\/wp\/v2\/tags?post=1831"}],"curies":[{"name":"wp","href":"https:\/\/api.w.org\/{rel}","templated":true}]}}