{"id":180,"date":"2009-06-23T14:15:48","date_gmt":"2009-06-23T12:15:48","guid":{"rendered":"http:\/\/www.primariarovinari.ro\/?p=180"},"modified":"2010-03-17T08:45:01","modified_gmt":"2010-03-17T06:45:01","slug":"principele-radu-al-romaniei-in-vizita-la-rovinari","status":"publish","type":"post","link":"https:\/\/primariarovinari.ro\/old\/2009\/06\/principele-radu-al-romaniei-in-vizita-la-rovinari\/","title":{"rendered":"Principele Radu al Rom\u00e2niei \u00een vizit\u0103 la Rovinari"},"content":{"rendered":"<p style=\"text-align: justify;\"><span style=\"font-family: arial,helvetica,sans-serif;\">Principele Radu Duda a efectuat  un turneu prin Gorj vizit\u00e2nd municipiile Tg.-Jiu \u015fi Motru. Vineri 19  iunie Principele Radu al Rom\u00e2niei a vizitat \u015fi ora\u015ful Rovinari. Este  pentru prima dat\u0103 (din 09.12.1981 c\u00e2nd Rovinari a fost declarat ora\u015f,  f\u0103c\u00e2nd parte din categoria ora\u015felor mici) c\u00e2nd este vizitat de un membru  al familiei regale.<br \/>\n<\/span><span style=\"font-family: arial,helvetica,sans-serif;\"> Alte\u0163a Sa Regal\u0103 a fost primit de c\u0103tre edilii ora\u015fului la sediul  Prim\u0103riei Rovinari unde au discutat timp de aproximativ o or\u0103 diversele  probleme cu care se confrunt\u0103 administra\u0163ia public\u0103 de la nivelul local,  dup\u0103 care principele \u00eenso\u0163it de viceprimarul Ora\u015fului Rovinari \u015fi o  parte a consilierilor locali au vizitat Catedrala \u201eSfin\u0163ii Constantin \u015fi  Elena\u201d, Pia\u0163a Agroalimentar\u0103, Grupul \u015ecolar Industrial, Bulevardul  Minerilor \u015fi Spitalul \u201eSf. \u015etefan\u201d.<\/span><\/p>\n<p style=\"text-align: justify;\"><span style=\"font-family: arial,helvetica,sans-serif;\"><a href=\"http:\/\/www.primariarovinari.ro\/wp-content\/uploads\/2009\/06\/11.jpg\" target=\"_blank\"><img loading=\"lazy\" decoding=\"async\" class=\"alignnone size-medium wp-image-182\" title=\"11\" src=\"http:\/\/www.primariarovinari.ro\/wp-content\/uploads\/2009\/06\/11-300x225.jpg\" alt=\"\" width=\"239\" height=\"179\" srcset=\"https:\/\/primariarovinari.ro\/old\/wp-content\/uploads\/2009\/06\/11-300x225.jpg 300w, https:\/\/primariarovinari.ro\/old\/wp-content\/uploads\/2009\/06\/11.jpg 800w\" sizes=\"auto, (max-width: 239px) 100vw, 239px\" \/> <\/a><a href=\"http:\/\/www.primariarovinari.ro\/wp-content\/uploads\/2009\/06\/07.jpg\"><img loading=\"lazy\" decoding=\"async\" class=\"alignnone size-medium wp-image-183\" title=\"07\" src=\"http:\/\/www.primariarovinari.ro\/wp-content\/uploads\/2009\/06\/07-300x225.jpg\" alt=\"\" width=\"239\" height=\"179\" srcset=\"https:\/\/primariarovinari.ro\/old\/wp-content\/uploads\/2009\/06\/07-300x225.jpg 300w, https:\/\/primariarovinari.ro\/old\/wp-content\/uploads\/2009\/06\/07.jpg 800w\" sizes=\"auto, (max-width: 239px) 100vw, 239px\" \/><\/a><br \/>\n<\/span><\/p>\n<p style=\"text-align: justify;\"><span style=\"font-family: arial,helvetica,sans-serif;\">Alte\u0163ei Sale i-au placut  realizarile orasului nostru dar mai ales proiectele de viitor. Acesta  a  stat de vorba cu to\u0163i cet\u0103\u0163enii care l-au recunoscut fiind impresionat  pl\u0103cut de faptul c\u0103 a \u00eent\u00e2lnit admiratori ai familiei regale \u015fi la  nivelul unui ora\u015f precum Rovinari de numai 13500 de locuitori.<\/span><\/p>\n","protected":false},"excerpt":{"rendered":"<p>Principele Radu Duda a efectuat un turneu prin Gorj vizit\u00e2nd municipiile Tg.-Jiu \u015fi Motru. Vineri 19 iunie Principele Radu al Rom\u00e2niei a vizitat \u015fi ora\u015ful Rovinari. Este pentru prima dat\u0103 (din 09.12.1981 c\u00e2nd Rovinari a fost declarat ora\u015f, f\u0103c\u00e2nd parte din categoria ora\u015felor mici) c\u00e2nd este vizitat de un membru al familiei regale. Alte\u0163a Sa [&hellip;]<\/p>\n","protected":false},"author":1001008,"featured_media":0,"comment_status":"open","ping_status":"open","sticky":false,"template":"","format":"standard","meta":{"ngg_post_thumbnail":0,"footnotes":""},"categories":[3],"tags":[36,37,38],"class_list":["post-180","post","type-post","status-publish","format-standard","hentry","category-comunicate-de-presa","tag-principele-radu","tag-radu-duda","tag-vizita"],"_links":{"self":[{"href":"https:\/\/primariarovinari.ro\/old\/wp-json\/wp\/v2\/posts\/180","targetHints":{"allow":["GET"]}}],"collection":[{"href":"https:\/\/primariarovinari.ro\/old\/wp-json\/wp\/v2\/posts"}],"about":[{"href":"https:\/\/primariarovinari.ro\/old\/wp-json\/wp\/v2\/types\/post"}],"author":[{"embeddable":true,"href":"https:\/\/primariarovinari.ro\/old\/wp-json\/wp\/v2\/users\/1001008"}],"replies":[{"embeddable":true,"href":"https:\/\/primariarovinari.ro\/old\/wp-json\/wp\/v2\/comments?post=180"}],"version-history":[{"count":0,"href":"https:\/\/primariarovinari.ro\/old\/wp-json\/wp\/v2\/posts\/180\/revisions"}],"wp:attachment":[{"href":"https:\/\/primariarovinari.ro\/old\/wp-json\/wp\/v2\/media?parent=180"}],"wp:term":[{"taxonomy":"category","embeddable":true,"href":"https:\/\/primariarovinari.ro\/old\/wp-json\/wp\/v2\/categories?post=180"},{"taxonomy":"post_tag","embeddable":true,"href":"https:\/\/primariarovinari.ro\/old\/wp-json\/wp\/v2\/tags?post=180"}],"curies":[{"name":"wp","href":"https:\/\/api.w.org\/{rel}","templated":true}]}}