{"id":1785,"date":"2010-08-23T10:23:26","date_gmt":"2010-08-23T08:23:26","guid":{"rendered":"http:\/\/www.primariarovinari.ro\/?p=1785"},"modified":"2010-08-23T10:55:03","modified_gmt":"2010-08-23T08:55:03","slug":"1785","status":"publish","type":"post","link":"https:\/\/primariarovinari.ro\/old\/2010\/08\/1785\/","title":{"rendered":"Strada Constructorilor va fi reabilitat\u0103"},"content":{"rendered":"<p style=\"text-align: justify;\"><object classid=\"clsid:d27cdb6e-ae6d-11cf-96b8-444553540000\" width=\"300\" height=\"200\" codebase=\"http:\/\/download.macromedia.com\/pub\/shockwave\/cabs\/flash\/swflash.cab#version=6,0,40,0\"><param name=\"src\" value=\"http:\/\/www.youtube.com\/v\/21yCmBMU9qQ\" \/><param name=\"align\" value=\"right\" \/><param name=\"vspace\" value=\"10\" \/><param name=\"hspace\" value=\"10\" \/><embed type=\"application\/x-shockwave-flash\" width=\"300\" height=\"200\" src=\"http:\/\/www.youtube.com\/v\/21yCmBMU9qQ\" hspace=\"10\" vspace=\"10\" align=\"right\"><\/embed><\/object>Vineri 20 august 2010 a avut loc prezentarea \u015fi predarea contractului de execu\u0163ie de lucr\u0103ri \u015fi a contractului de dirigen\u0163ie privind realizarea obiectivului Reabilitare Strada Constructorilor. La acest eveniment au luat parte ministrul economiei, comer\u0163ului \u015fi mediului de afaceri Adriean Videanu, prefectul jude\u0163ului Gorj Liviu Andrei, Marcel Hoar\u0103 pre\u015fedintele Agen\u0163iei Rom\u00e2ne pentru Dezvoltare Durabil\u0103 a Zonelor Industriale \u015fi consilierii locali.<\/p>\n<p style=\"text-align: justify;\">Ministrul a fost \u00eent\u00e2mpinat de primarul ora\u015fului Rovinari cu p\u00e2ine \u015fi sare la intersec\u0163ia dintre Strada Constructorilor \u015fi Aleea Constructorilor unde i-a fost \u00eenm\u00e2nat\u0103 cheia de aur a ora\u015fului. Imediat dup\u0103 predarea \u015fantierului, a avut loc o adunare cet\u0103\u0163eneasc\u0103, \u00eentre locuitorii interesa\u0163i, autorit\u0103\u0163ile locale \u015fi reprezentan\u0163i ai ARDDZI, adunare ce a avut loc \u00een Sala Mic\u0103 a Casei de Cultur\u0103 a Sindicatelor Rovinari. \u00cen cadrul acestei adun\u0103ri constructorul a prezentat contractul viitoarei construc\u0163ii \u015fi s-a stabilit Comitetul Cet\u0103\u0163enesc pentru Urm\u0103rirea Execu\u0163iei Lucr\u0103rilor.<br \/>\n<!--more-->Reabilitare Strada Constructorilor este un proiect finan\u0163at printr-un \u00eemprumut de la Banca Interna\u0163ional\u0103 pentru Reconstruc\u0163ie \u015fi Dezvoltare.<br \/>\nValoare proiectului este de 1.625.455 lei<br \/>\n<strong> Contribu\u0163ii:<\/strong><br \/>\n1. A.R.D.D.Z.I. \u2013 90%<br \/>\n2. Consiliul Local Rovinari \u2013 8%<br \/>\n3. Contribu\u0163ie voluntar\u0103 a membrilor comunit\u0103\u0163ii \u2013 2%<br \/>\nProiectant:\u00a0 S.C. PROTIPCONS S.R.L.<br \/>\nExecutant:\u00a0 S.C. Balcovi Comimpex S.R.L.<br \/>\nDiriginte:\u00a0\u00a0\u00a0 S.C. ACM GORJ S.R.L.<br \/>\n<strong> Lucr\u0103ri proiectate:<\/strong><br \/>\nLungime total\u0103: 1472 m<br \/>\n<strong> Reabilitare Strada Constructorilor:<\/strong><br \/>\nL\u0103\u0163ime parte carosabil\u0103: 6,00m;<br \/>\nL\u0103\u0163ime platform\u0103: 9,00m;<br \/>\nL\u0103\u0163ime trotuare 2&#215;1,5m.<br \/>\n<strong> Reabilitare Aleea Constructorilor:<\/strong><br \/>\nL\u0103\u0163ime parte carosabil\u0103: 4,00m;<br \/>\nL\u0103\u0163ime platform\u0103: 7,00m;<br \/>\nL\u0103\u0163ime trotuare 2&#215;1,5m.<br \/>\n<strong> Solu\u0163ii tehnice propuse:<\/strong><br \/>\n<strong> Strada:<\/strong><br \/>\nStrat uzur\u0103 BA16 &#8211; 4cm;<br \/>\nStrat de leg\u0103tur\u0103 BADPS25 \u2013 6cm;<br \/>\nStrat de anrobat bituminos AB2 \u2013 5cm;<br \/>\n<strong> Alee:<\/strong><br \/>\nStrat uzur\u0103 BA16 &#8211; 4cm;<br \/>\nStrat de leg\u0103tur\u0103 BADPS25 \u2013 5cm;<br \/>\nStrat de baz\u0103 macadam \u2013 10cm;<br \/>\nBalast 25 cm<br \/>\n<strong> Trotuare:<\/strong><br \/>\nStrat de funda\u0163ie din balast stabilizat\u00a0 &#8211; 10cm;<br \/>\nStrat de uzur\u0103 BA8 \u2013 3cm;<br \/>\nBordur\u0103 semifabricat\u0103 de 10x15cm a\u015fezat\u0103 pe un strat de beton de 15x20cm;<\/p>\n<p style=\"text-align: justify;\">ngg_shortcode_0_placeholder<\/p>\n","protected":false},"excerpt":{"rendered":"<p>Vineri 20 august 2010 a avut loc prezentarea \u015fi predarea contractului de execu\u0163ie de lucr\u0103ri \u015fi a contractului de dirigen\u0163ie privind realizarea obiectivului Reabilitare Strada Constructorilor. La acest eveniment au luat parte ministrul economiei, comer\u0163ului \u015fi mediului de afaceri Adriean Videanu, prefectul jude\u0163ului Gorj Liviu Andrei, Marcel Hoar\u0103 pre\u015fedintele Agen\u0163iei Rom\u00e2ne pentru Dezvoltare Durabil\u0103 a [&hellip;]<\/p>\n","protected":false},"author":1001008,"featured_media":0,"comment_status":"open","ping_status":"open","sticky":false,"template":"","format":"standard","meta":{"ngg_post_thumbnail":0,"footnotes":""},"categories":[151],"tags":[59,250,251],"class_list":["post-1785","post","type-post","status-publish","format-standard","hentry","category-informatii-publice","tag-reabilitare","tag-sosea-de-centura","tag-videanu"],"_links":{"self":[{"href":"https:\/\/primariarovinari.ro\/old\/wp-json\/wp\/v2\/posts\/1785","targetHints":{"allow":["GET"]}}],"collection":[{"href":"https:\/\/primariarovinari.ro\/old\/wp-json\/wp\/v2\/posts"}],"about":[{"href":"https:\/\/primariarovinari.ro\/old\/wp-json\/wp\/v2\/types\/post"}],"author":[{"embeddable":true,"href":"https:\/\/primariarovinari.ro\/old\/wp-json\/wp\/v2\/users\/1001008"}],"replies":[{"embeddable":true,"href":"https:\/\/primariarovinari.ro\/old\/wp-json\/wp\/v2\/comments?post=1785"}],"version-history":[{"count":0,"href":"https:\/\/primariarovinari.ro\/old\/wp-json\/wp\/v2\/posts\/1785\/revisions"}],"wp:attachment":[{"href":"https:\/\/primariarovinari.ro\/old\/wp-json\/wp\/v2\/media?parent=1785"}],"wp:term":[{"taxonomy":"category","embeddable":true,"href":"https:\/\/primariarovinari.ro\/old\/wp-json\/wp\/v2\/categories?post=1785"},{"taxonomy":"post_tag","embeddable":true,"href":"https:\/\/primariarovinari.ro\/old\/wp-json\/wp\/v2\/tags?post=1785"}],"curies":[{"name":"wp","href":"https:\/\/api.w.org\/{rel}","templated":true}]}}