{"id":1711,"date":"2010-07-30T11:45:48","date_gmt":"2010-07-30T09:45:48","guid":{"rendered":"http:\/\/www.primariarovinari.ro\/?p=1711"},"modified":"2010-07-30T14:45:31","modified_gmt":"2010-07-30T12:45:31","slug":"primaria-rovinari-va-scoate-spre-inchiriere-locurile-de-parcare-existente-in-oras","status":"publish","type":"post","link":"https:\/\/primariarovinari.ro\/old\/2010\/07\/primaria-rovinari-va-scoate-spre-inchiriere-locurile-de-parcare-existente-in-oras\/","title":{"rendered":"Prim\u0103ria Rovinari scoate spre \u00eenchiriere locurile de parcare existente \u00een ora\u015f"},"content":{"rendered":"<p style=\"text-align: justify;\"><a href=\"http:\/\/www.primariarovinari.ro\/wp-content\/uploads\/2010\/07\/DSC00004.jpg\"><img loading=\"lazy\" decoding=\"async\" class=\"alignright size-medium wp-image-1712\" title=\"locuri_de_parcare_rovinari\" src=\"http:\/\/www.primariarovinari.ro\/wp-content\/uploads\/2010\/07\/DSC00004-300x149.jpg\" alt=\"\" width=\"300\" height=\"149\" srcset=\"https:\/\/primariarovinari.ro\/old\/wp-content\/uploads\/2010\/07\/DSC00004-300x149.jpg 300w, https:\/\/primariarovinari.ro\/old\/wp-content\/uploads\/2010\/07\/DSC00004.jpg 1023w\" sizes=\"auto, (max-width: 300px) 100vw, 300px\" \/><\/a>Consiliul Local Rovinari a aprobat \u00een \u015fedin\u0163a de joi 29.07.2010 \u00eenchirierea locurilor de parcare din ora\u015ful Rovinari, cet\u0103\u0163enilor domicilia\u0163i pe raza ora\u015fului Rovinari, care posed\u0103 autovehicule cu masa de p\u00e2n\u0103 la 3,5 t.<\/p>\n<p style=\"text-align: justify;\">Toate locurile de parcare din ora\u015f vor fi numerotate \u015fi scoase spre \u00eenchiriere. Pre\u0163ul unui loc de parcare va fi de 10 lei\/lun\u0103, respectiv 120 lei\/an. \u00cen zonele unde sunt mai mul\u0163i solicitan\u0163i pentru locurile de parcare, ace\u015ftia vor licita \u00eentre ei, iar locul de parcare se va atribui persoanei care va licita pre\u0163ul cel mai mare. Procedura de atribuire\/licita\u0163ie se va organiza nominal pentru fiecare loc de parcare situat \u00een parcarea de re\u015fedin\u0163\u0103. Pre\u0163ul de pornire al licita\u0163iei este tariful de baz\u0103 aprobat prin Hot\u0103r\u00e2re a Consiliului Local.<\/p>\n<p style=\"text-align: justify;\"><a href=\"http:\/\/www.primariarovinari.ro\/wp-content\/uploads\/2010\/07\/DSC00001.jpg\"><!--more--><img loading=\"lazy\" decoding=\"async\" class=\"alignleft size-medium wp-image-1713\" title=\"DSC00001\" src=\"http:\/\/www.primariarovinari.ro\/wp-content\/uploads\/2010\/07\/DSC00001-300x168.jpg\" alt=\"\" width=\"300\" height=\"168\" srcset=\"https:\/\/primariarovinari.ro\/old\/wp-content\/uploads\/2010\/07\/DSC00001-300x168.jpg 300w, https:\/\/primariarovinari.ro\/old\/wp-content\/uploads\/2010\/07\/DSC00001.jpg 1024w\" sizes=\"auto, (max-width: 300px) 100vw, 300px\" \/><\/a>Atribuirea locurilor de parcare de re\u015fedin\u0163\u0103 locatarilor solicitan\u0163i se va face \u00een urm\u0103toarea ordine de prioritate:<br \/>\na)\u00a0\u00a0 \u00a0persoane cu handicap;<br \/>\nb)\u00a0\u00a0 \u00a0persoane care au de\u0163inut garaje legal \u015fi acestea au fost sau vor fi demolate, cu condi\u0163ia s\u0103 \u00eendeplineasc\u0103 cerin\u0163ele stabilite pentru atribuire;<br \/>\nc)\u00a0\u00a0 \u00a0persoane fizice domiciliate \u00een imobilele la care este arondat\u0103 parcarea de re\u015fedin\u0163\u0103, \u00een ordinea solicit\u0103rii, proprietare a unui autovehicul \u00eenmatriculat la adresa de domiciliu;<br \/>\nd)\u00a0\u00a0 \u00a0persoane fizice domiciliate\/rezidente \u00een imobilele la care este arondat\u0103 parcarea de re\u015fedin\u0163\u0103, \u00een ordinea solicit\u0103rii, proprietare a unui autovehicul \u00eenmatriculat la alt\u0103 adres\u0103;<br \/>\ne)\u00a0\u00a0 \u00a0persoane fizice domiciliate \u00een imobilele la care este arondat\u0103 parcarea de re\u015fedin\u0163\u0103, \u00een ordinea solicit\u0103rii, av\u00e2nd \u00een proprietate al doilea autovehicul \u00eenmatriculat la adresa de domiciliu;<br \/>\nf)\u00a0\u00a0 \u00a0persoane fizice domiciliate\/rezidente sau personae juridice proprietare ale unui apartament \u00een imobilele la care este arondat\u0103 parcarea de re\u015fedin\u0163\u0103, \u00een ordinea solicit\u0103rii, proprietare a unui autovehicul \u00eenmatriculat pe societ\u0103\u0163i comerciale.<\/p>\n<p style=\"text-align: justify;\"><a href=\"http:\/\/www.primariarovinari.ro\/wp-content\/uploads\/2010\/07\/DSC00008.jpg\"><img loading=\"lazy\" decoding=\"async\" class=\"alignright size-medium wp-image-1717\" title=\"parcare_rovinari\" src=\"http:\/\/www.primariarovinari.ro\/wp-content\/uploads\/2010\/07\/DSC00008-300x168.jpg\" alt=\"\" width=\"300\" height=\"168\" srcset=\"https:\/\/primariarovinari.ro\/old\/wp-content\/uploads\/2010\/07\/DSC00008-300x168.jpg 300w, https:\/\/primariarovinari.ro\/old\/wp-content\/uploads\/2010\/07\/DSC00008.jpg 1024w\" sizes=\"auto, (max-width: 300px) 100vw, 300px\" \/><\/a>Persoanele cu handicap, care pot proba cu acte autentice handicapul, vor putea beneficia de gratuitate la parcarea de re\u015fedin\u0163\u0103, \u00een limita posibilit\u0103\u0163ilor. \u00cen cazul \u00een care num\u0103rul solicit\u0103rilor este mai mic dec\u00e2t num\u0103rul locurilor de parcare, locurile r\u0103mase libere vor avea regim de parcare public\u0103, sau vor fi scoase la licita\u0163ie pentru cei care au mai multe ma\u015fini<br \/>\nCet\u0103\u0163enii interesa\u0163i sunt a\u015ftepta\u0163i s\u0103 depun\u0103 cererile \u00een care solicit\u0103 \u00eenchirierea unui loc de parcare sediul Prim\u0103ria Rovinari-Serviciul Patrimoniu cu urm\u0103toarele documente:<\/p>\n<p>&#8211;\u00a0 dosar cu \u015fin\u0103;<br \/>\n&#8211;\u00a0 cerere tip;<br \/>\n&#8211; copie dup\u0103 actul de identitate al solicitantului;<br \/>\n&#8211; documente privind imobilul: copie dup\u0103 actul de proprietate, contractul de \u00eenchiriere, actul de dona\u0163ie sau mo\u015ftenire, s.a., dup\u0103 caz;<br \/>\n&#8211; copie dup\u0103 certificatul de \u00eenmatriculare al autovehiculului de\u0163inut \u00een proprietate sau folosin\u0163\u0103;<br \/>\n&#8211; documente privind dreptul de folosin\u0163\u0103\/utilizare a autovehiculului: contract de leasing, act dona\u0163ie, act mo\u015ftenire, contract de comodat, s.a., dup\u0103 caz;<br \/>\n&#8211; certificate de handicap, dac\u0103 este cazul;<br \/>\n&#8211; declara\u0163ie pe propria r\u0103spundere c\u0103 nu de\u0163ine garaj amplasat pe domeniul public sau privat al Orasului Rovinari, curte sau alte posibilit\u0103\u0163i de parcare.<\/p>\n<p>Pentru mai multe detalii click pe <em>Regulamentul de atribuire a locurilor de parcare<\/em>, dar \u015fi pe <em>Regulamentul de organizare \u015fi func\u0163ionare a locurilor de parcare<\/em>.<\/p>\n<img decoding=\"async\" src=\"http:\/\/www.primariarovinari.ro\/wp-content\/plugins\/wp-downloadmanager\/images\/ext\/pdf.gif\" alt=\"\" title=\"\" style=\"vertical-align: middle;\" \/>&nbsp;&nbsp;<strong><a href=\"https:\/\/primariarovinari.ro\/old\/download\/pdf_uri\/Regulament_de_organizare_si_functionare_a_locurilor_de_parcare.pdf\">Regulament de organizare si functionare a parcarilor<\/a><\/strong> (153,0 KiB, 1.363 hits)<br>\n<img decoding=\"async\" src=\"http:\/\/www.primariarovinari.ro\/wp-content\/plugins\/wp-downloadmanager\/images\/ext\/pdf.gif\" alt=\"\" title=\"\" style=\"vertical-align: middle;\" \/>&nbsp;&nbsp;<strong><a href=\"https:\/\/primariarovinari.ro\/old\/download\/Regulament_de_atribuire_a_locurilor_de_parcare.pdf\">Regulament de atribuire a locurilor de parcare<\/a><\/strong> (122,4 KiB, 612 hits)<br>\n","protected":false},"excerpt":{"rendered":"<p>Consiliul Local Rovinari a aprobat \u00een \u015fedin\u0163a de joi 29.07.2010 \u00eenchirierea locurilor de parcare din ora\u015ful Rovinari, cet\u0103\u0163enilor domicilia\u0163i pe raza ora\u015fului Rovinari, care posed\u0103 autovehicule cu masa de p\u00e2n\u0103 la 3,5 t. Toate locurile de parcare din ora\u015f vor fi numerotate \u015fi scoase spre \u00eenchiriere. Pre\u0163ul unui loc de parcare va fi de 10 [&hellip;]<\/p>\n","protected":false},"author":1001008,"featured_media":0,"comment_status":"open","ping_status":"open","sticky":false,"template":"","format":"standard","meta":{"ngg_post_thumbnail":0,"footnotes":""},"categories":[8],"tags":[245,244],"class_list":["post-1711","post","type-post","status-publish","format-standard","hentry","category-proiecte","tag-inchiriere","tag-locuri-parcari"],"_links":{"self":[{"href":"https:\/\/primariarovinari.ro\/old\/wp-json\/wp\/v2\/posts\/1711","targetHints":{"allow":["GET"]}}],"collection":[{"href":"https:\/\/primariarovinari.ro\/old\/wp-json\/wp\/v2\/posts"}],"about":[{"href":"https:\/\/primariarovinari.ro\/old\/wp-json\/wp\/v2\/types\/post"}],"author":[{"embeddable":true,"href":"https:\/\/primariarovinari.ro\/old\/wp-json\/wp\/v2\/users\/1001008"}],"replies":[{"embeddable":true,"href":"https:\/\/primariarovinari.ro\/old\/wp-json\/wp\/v2\/comments?post=1711"}],"version-history":[{"count":0,"href":"https:\/\/primariarovinari.ro\/old\/wp-json\/wp\/v2\/posts\/1711\/revisions"}],"wp:attachment":[{"href":"https:\/\/primariarovinari.ro\/old\/wp-json\/wp\/v2\/media?parent=1711"}],"wp:term":[{"taxonomy":"category","embeddable":true,"href":"https:\/\/primariarovinari.ro\/old\/wp-json\/wp\/v2\/categories?post=1711"},{"taxonomy":"post_tag","embeddable":true,"href":"https:\/\/primariarovinari.ro\/old\/wp-json\/wp\/v2\/tags?post=1711"}],"curies":[{"name":"wp","href":"https:\/\/api.w.org\/{rel}","templated":true}]}}