{"id":1690,"date":"2010-07-26T08:19:20","date_gmt":"2010-07-26T06:19:20","guid":{"rendered":"http:\/\/www.primariarovinari.ro\/?p=1690"},"modified":"2010-07-26T08:58:15","modified_gmt":"2010-07-26T06:58:15","slug":"prefectura-gorj-organizeaza-un-seminar-de-informare-pentru-imm-uri-joi-29-iulie-2010-incepand-cu-orele-10-00","status":"publish","type":"post","link":"https:\/\/primariarovinari.ro\/old\/2010\/07\/prefectura-gorj-organizeaza-un-seminar-de-informare-pentru-imm-uri-joi-29-iulie-2010-incepand-cu-orele-10-00\/","title":{"rendered":"Prefectura Gorj organizeaz\u0103 un seminar de informare pentru IMM-uri joi 29 iulie 2010, \u00eencep\u00e2nd cu orele 10.00"},"content":{"rendered":"<p style=\"text-align: justify;\"><a href=\"http:\/\/www.primariarovinari.ro\/wp-content\/uploads\/2010\/07\/INVITATIE-IMM-29-IULIE-2010-TARGU-JIU.jpg\"><img loading=\"lazy\" decoding=\"async\" class=\"alignright size-full wp-image-1691\" title=\"INVITATIE IMM 29 IULIE 2010 TARGU-JIU\" src=\"http:\/\/www.primariarovinari.ro\/wp-content\/uploads\/2010\/07\/INVITATIE-IMM-29-IULIE-2010-TARGU-JIU.jpg\" alt=\"\" width=\"200\" height=\"280\" \/><\/a>Institu\u0163ia Prefectului \u2013 Jude\u0163ul Gorj, \u00een colaborare cu Organismul Intermediar pentru Promovarea Societ\u0103\u0163ii Informa\u0163ionale din cadrul Ministerului Comunica\u0163iilor \u015fi Societ\u0103\u0163ii Informa\u0163ionale, organizeaz\u0103 seminarul de informare cu tema \u201eFondurile structurale pentru sectorul IT&amp;C\u201d.<\/p>\n<p style=\"text-align: justify;\">Evenimentul va avea loc joi, 29 iulie 2010, \u00eencep\u00e2nd cu orele 10.00, la Sala Maur\u0103 a Palatului Administrativ din T\u00e2rgu-Jiu.<\/p>\n<p style=\"text-align: justify;\">La seminar sunt invita\u0163i s\u0103 participe reprezentan\u0163i ai micro\u00eentreprinderilor, \u00eentreprinderilor mici \u015fi mijlocii, interesa\u0163i de ob\u0163inerea de finan\u0163\u0103ri nerambursabile \u00een cadrul Axei prioritare 3 \u2013 Tehnologia Informa\u0163iilor \u015fi Comunica\u0163iilor (TIC) pentru sectorul public \u015fi privat din cadrul Programului Opera\u0163ional Sectorial Cre\u015fterea Competitivit\u0103\u0163ii Economice (POS CCE) cu privire la tipurile de proiecte ce pot fi finan\u0163ate.<\/p>\n<p style=\"text-align: justify;\">Pentru mai multe detalii click pe poza al\u0103turat\u0103.<\/p>\n","protected":false},"excerpt":{"rendered":"<p>Institu\u0163ia Prefectului \u2013 Jude\u0163ul Gorj, \u00een colaborare cu Organismul Intermediar pentru Promovarea Societ\u0103\u0163ii Informa\u0163ionale din cadrul Ministerului Comunica\u0163iilor \u015fi Societ\u0103\u0163ii Informa\u0163ionale, organizeaz\u0103 seminarul de informare cu tema \u201eFondurile structurale pentru sectorul IT&amp;C\u201d. Evenimentul va avea loc joi, 29 iulie 2010, \u00eencep\u00e2nd cu orele 10.00, la Sala Maur\u0103 a Palatului Administrativ din T\u00e2rgu-Jiu. La seminar sunt [&hellip;]<\/p>\n","protected":false},"author":1001008,"featured_media":0,"comment_status":"open","ping_status":"open","sticky":false,"template":"","format":"standard","meta":{"ngg_post_thumbnail":0,"footnotes":""},"categories":[9],"tags":[242,241,240],"class_list":["post-1690","post","type-post","status-publish","format-standard","hentry","category-anunturi","tag-fonduri-structurale","tag-imm-uri","tag-seminar"],"_links":{"self":[{"href":"https:\/\/primariarovinari.ro\/old\/wp-json\/wp\/v2\/posts\/1690","targetHints":{"allow":["GET"]}}],"collection":[{"href":"https:\/\/primariarovinari.ro\/old\/wp-json\/wp\/v2\/posts"}],"about":[{"href":"https:\/\/primariarovinari.ro\/old\/wp-json\/wp\/v2\/types\/post"}],"author":[{"embeddable":true,"href":"https:\/\/primariarovinari.ro\/old\/wp-json\/wp\/v2\/users\/1001008"}],"replies":[{"embeddable":true,"href":"https:\/\/primariarovinari.ro\/old\/wp-json\/wp\/v2\/comments?post=1690"}],"version-history":[{"count":0,"href":"https:\/\/primariarovinari.ro\/old\/wp-json\/wp\/v2\/posts\/1690\/revisions"}],"wp:attachment":[{"href":"https:\/\/primariarovinari.ro\/old\/wp-json\/wp\/v2\/media?parent=1690"}],"wp:term":[{"taxonomy":"category","embeddable":true,"href":"https:\/\/primariarovinari.ro\/old\/wp-json\/wp\/v2\/categories?post=1690"},{"taxonomy":"post_tag","embeddable":true,"href":"https:\/\/primariarovinari.ro\/old\/wp-json\/wp\/v2\/tags?post=1690"}],"curies":[{"name":"wp","href":"https:\/\/api.w.org\/{rel}","templated":true}]}}