{"id":1681,"date":"2010-07-22T14:10:16","date_gmt":"2010-07-22T12:10:16","guid":{"rendered":"http:\/\/www.primariarovinari.ro\/?p=1681"},"modified":"2010-07-22T14:16:11","modified_gmt":"2010-07-22T12:16:11","slug":"anul-reabilitarilor-la-rovinari","status":"publish","type":"post","link":"https:\/\/primariarovinari.ro\/old\/2010\/07\/anul-reabilitarilor-la-rovinari\/","title":{"rendered":"Anul reabilit\u0103rilor \u00een ora\u015ful Rovinari"},"content":{"rendered":"<p style=\"text-align: justify;\">Autorit\u0103\u0163ile locale continu\u0103 campania de reabilitare a obiectivelor de infrastructur\u0103 urban\u0103 din ora\u015ful Rovinari. De la \u00eenceputul anului 2010 \u015fi p\u00e2n\u0103 \u00een prezent s-au reabilitat o serie de obiective, dup\u0103 cum urmeaz\u0103:<br \/>\n<a href=\"http:\/\/www.primariarovinari.ro\/wp-content\/uploads\/2010\/07\/DSC00091.jpg\"><img loading=\"lazy\" decoding=\"async\" class=\"alignleft size-medium wp-image-1682\" title=\"reabilitari_rovinari\" src=\"http:\/\/www.primariarovinari.ro\/wp-content\/uploads\/2010\/07\/DSC00091-300x168.jpg\" alt=\"\" width=\"300\" height=\"168\" srcset=\"https:\/\/primariarovinari.ro\/old\/wp-content\/uploads\/2010\/07\/DSC00091-300x168.jpg 300w, https:\/\/primariarovinari.ro\/old\/wp-content\/uploads\/2010\/07\/DSC00091.jpg 1024w\" sizes=\"auto, (max-width: 300px) 100vw, 300px\" \/><\/a>&#8211;\u00a0\u00a0 \u00a0reabilitare Aleea I.R.E.;<br \/>\n&#8211;\u00a0\u00a0 \u00a0reabilitare Aleea Vulcan;<br \/>\n&#8211;\u00a0\u00a0 \u00a0reabilitare Aleea Cre\u015fei;<br \/>\n&#8211;\u00a0\u00a0 \u00a0reabiltare Alee &#8211; Strada P\u0103cii-Strada Prieteniei;<br \/>\n&#8211;\u00a0\u00a0 \u00a0amenajare parc\u0103ri \u00een zona blocurilor G1 \u015fi G2, prin reducerea spa\u0163iului pietonal;<br \/>\n&#8211;\u00a0\u00a0 \u00a0amenajare parcare \u00een zona blocului G14;<br \/>\n&#8211;\u00a0\u00a0 \u00a0reabilitare alei \u2013 \u00een zona blocurilor E1 \u015fi E2;<br \/>\n&#8211;\u00a0\u00a0 \u00a0prelungire Alee Deta\u015fa\u0163i \u2013 Strada P\u0103cii;<br \/>\n&#8211;\u00a0\u00a0 \u00a0reabilitare alee zona blocului H6;<br \/>\n&#8211;\u00a0\u00a0 \u00a0reabilitare baz\u0103 sportiv\u0103 &#8211; \u015ecoala General\u0103 Nr.1.<br \/>\n&#8211;\u00a0\u00a0 \u00a0izolarea termic\u0103 a \u015ecolilor Generale Nr.1 \u015fi Nr. 3 (cu fonduri de la Ministerul Educa\u0163iei).<\/p>\n<p style=\"text-align: justify;\">Urmeaz\u0103 amenajarea unui sens giratoriu \u00een fa\u0163a \u015ecolii Generale nr.1, \u00een intersec\u0163ia Strazilor Tineretului \u2013 Muncii \u2013 Aleea \u015ecolii.<\/p>\n<p style=\"text-align: justify;\"><!--more-->ngg_shortcode_0_placeholder<\/p>\n","protected":false},"excerpt":{"rendered":"<p>Autorit\u0103\u0163ile locale continu\u0103 campania de reabilitare a obiectivelor de infrastructur\u0103 urban\u0103 din ora\u015ful Rovinari. De la \u00eenceputul anului 2010 \u015fi p\u00e2n\u0103 \u00een prezent s-au reabilitat o serie de obiective, dup\u0103 cum urmeaz\u0103: &#8211;\u00a0\u00a0 \u00a0reabilitare Aleea I.R.E.; &#8211;\u00a0\u00a0 \u00a0reabilitare Aleea Vulcan; &#8211;\u00a0\u00a0 \u00a0reabilitare Aleea Cre\u015fei; &#8211;\u00a0\u00a0 \u00a0reabiltare Alee &#8211; Strada P\u0103cii-Strada Prieteniei; &#8211;\u00a0\u00a0 \u00a0amenajare parc\u0103ri \u00een [&hellip;]<\/p>\n","protected":false},"author":1001008,"featured_media":0,"comment_status":"open","ping_status":"open","sticky":false,"template":"","format":"standard","meta":{"ngg_post_thumbnail":0,"footnotes":""},"categories":[8],"tags":[221,220,42,222],"class_list":["post-1681","post","type-post","status-publish","format-standard","hentry","category-proiecte","tag-alei","tag-parcari","tag-reabilitari","tag-strazi"],"_links":{"self":[{"href":"https:\/\/primariarovinari.ro\/old\/wp-json\/wp\/v2\/posts\/1681","targetHints":{"allow":["GET"]}}],"collection":[{"href":"https:\/\/primariarovinari.ro\/old\/wp-json\/wp\/v2\/posts"}],"about":[{"href":"https:\/\/primariarovinari.ro\/old\/wp-json\/wp\/v2\/types\/post"}],"author":[{"embeddable":true,"href":"https:\/\/primariarovinari.ro\/old\/wp-json\/wp\/v2\/users\/1001008"}],"replies":[{"embeddable":true,"href":"https:\/\/primariarovinari.ro\/old\/wp-json\/wp\/v2\/comments?post=1681"}],"version-history":[{"count":0,"href":"https:\/\/primariarovinari.ro\/old\/wp-json\/wp\/v2\/posts\/1681\/revisions"}],"wp:attachment":[{"href":"https:\/\/primariarovinari.ro\/old\/wp-json\/wp\/v2\/media?parent=1681"}],"wp:term":[{"taxonomy":"category","embeddable":true,"href":"https:\/\/primariarovinari.ro\/old\/wp-json\/wp\/v2\/categories?post=1681"},{"taxonomy":"post_tag","embeddable":true,"href":"https:\/\/primariarovinari.ro\/old\/wp-json\/wp\/v2\/tags?post=1681"}],"curies":[{"name":"wp","href":"https:\/\/api.w.org\/{rel}","templated":true}]}}