{"id":1668,"date":"2010-07-21T08:45:59","date_gmt":"2010-07-21T06:45:59","guid":{"rendered":"http:\/\/www.primariarovinari.ro\/?p=1668"},"modified":"2010-07-21T08:58:49","modified_gmt":"2010-07-21T06:58:49","slug":"festivalul-berii-se-va-desfasura-in-perioada-09-15-august-2010","status":"publish","type":"post","link":"https:\/\/primariarovinari.ro\/old\/2010\/07\/festivalul-berii-se-va-desfasura-in-perioada-09-15-august-2010\/","title":{"rendered":"Festivalul Berii se va desf\u0103\u015fura \u00een perioada 09-15 august 2010"},"content":{"rendered":"<p style=\"text-align: justify;\"><a href=\"http:\/\/www.primariarovinari.ro\/wp-content\/uploads\/2010\/07\/bere.jpg\"><img loading=\"lazy\" decoding=\"async\" class=\"alignright size-medium wp-image-1669\" title=\"bere\" src=\"http:\/\/www.primariarovinari.ro\/wp-content\/uploads\/2010\/07\/bere-300x228.jpg\" alt=\"\" width=\"270\" height=\"205\" srcset=\"https:\/\/primariarovinari.ro\/old\/wp-content\/uploads\/2010\/07\/bere-300x228.jpg 300w, https:\/\/primariarovinari.ro\/old\/wp-content\/uploads\/2010\/07\/bere.jpg 400w\" sizes=\"auto, (max-width: 270px) 100vw, 270px\" \/><\/a>Prim\u0103ria \u015fi Consiliul Local Rovinari \u00eempreun\u0103 cu Casa de Cultur\u0103 \u015fi Biblioteca Rovinari, informeaz\u0103 cet\u0103\u0163enii ora\u015fului Rovinari, precum \u015fi pe cei din localit\u0103\u0163ile \u00eenvecinate, c\u0103 \u00een acest an, cea de-a V edi\u0163ie a Festivalului Berii se va desf\u0103\u015fura \u00een s\u0103pt\u0103m\u00e2na 09-15 august 2010.<\/p>\n<p style=\"text-align: justify;\">\u00cei invit\u0103m pe aceast\u0103 cale pe to\u0163i cei care vor s\u0103 fie al\u0103turi de noi \u015fi de invita\u0163ii no\u015ftri, \u00een s\u0103pt\u0103m\u00e2na berii. La sf\u00e2r\u015fitul s\u0103pt\u0103m\u00e2nii, respectiv s\u00e2mb\u0103t\u0103 14 august 2010 \u015fi duminic\u0103 15 august 2010 se vor organiza concerte \u00een aer liber, cu invita\u0163i de seam\u0103. Invitat special va fi Nicolae Gu\u0163\u0103.<\/p>\n","protected":false},"excerpt":{"rendered":"<p>Prim\u0103ria \u015fi Consiliul Local Rovinari \u00eempreun\u0103 cu Casa de Cultur\u0103 \u015fi Biblioteca Rovinari, informeaz\u0103 cet\u0103\u0163enii ora\u015fului Rovinari, precum \u015fi pe cei din localit\u0103\u0163ile \u00eenvecinate, c\u0103 \u00een acest an, cea de-a V edi\u0163ie a Festivalului Berii se va desf\u0103\u015fura \u00een s\u0103pt\u0103m\u00e2na 09-15 august 2010. \u00cei invit\u0103m pe aceast\u0103 cale pe to\u0163i cei care vor s\u0103 fie [&hellip;]<\/p>\n","protected":false},"author":1001008,"featured_media":0,"comment_status":"open","ping_status":"open","sticky":false,"template":"","format":"standard","meta":{"ngg_post_thumbnail":0,"footnotes":""},"categories":[9],"tags":[49,132],"class_list":["post-1668","post","type-post","status-publish","format-standard","hentry","category-anunturi","tag-festivalul-berii","tag-spectacol"],"_links":{"self":[{"href":"https:\/\/primariarovinari.ro\/old\/wp-json\/wp\/v2\/posts\/1668","targetHints":{"allow":["GET"]}}],"collection":[{"href":"https:\/\/primariarovinari.ro\/old\/wp-json\/wp\/v2\/posts"}],"about":[{"href":"https:\/\/primariarovinari.ro\/old\/wp-json\/wp\/v2\/types\/post"}],"author":[{"embeddable":true,"href":"https:\/\/primariarovinari.ro\/old\/wp-json\/wp\/v2\/users\/1001008"}],"replies":[{"embeddable":true,"href":"https:\/\/primariarovinari.ro\/old\/wp-json\/wp\/v2\/comments?post=1668"}],"version-history":[{"count":0,"href":"https:\/\/primariarovinari.ro\/old\/wp-json\/wp\/v2\/posts\/1668\/revisions"}],"wp:attachment":[{"href":"https:\/\/primariarovinari.ro\/old\/wp-json\/wp\/v2\/media?parent=1668"}],"wp:term":[{"taxonomy":"category","embeddable":true,"href":"https:\/\/primariarovinari.ro\/old\/wp-json\/wp\/v2\/categories?post=1668"},{"taxonomy":"post_tag","embeddable":true,"href":"https:\/\/primariarovinari.ro\/old\/wp-json\/wp\/v2\/tags?post=1668"}],"curies":[{"name":"wp","href":"https:\/\/api.w.org\/{rel}","templated":true}]}}