{"id":16587,"date":"2020-10-12T12:50:49","date_gmt":"2020-10-12T09:50:49","guid":{"rendered":"https:\/\/www.primariarovinari.ro\/?p=16587"},"modified":"2020-10-12T12:51:48","modified_gmt":"2020-10-12T09:51:48","slug":"comunicat-de-presa-privind-demararea-implementarii-proiectului-reabilitare-bloc-b2-amenajare-zona-blocurilor-c2-g5-amenajare-platou-casa-de-cultura","status":"publish","type":"post","link":"https:\/\/primariarovinari.ro\/old\/2020\/10\/comunicat-de-presa-privind-demararea-implementarii-proiectului-reabilitare-bloc-b2-amenajare-zona-blocurilor-c2-g5-amenajare-platou-casa-de-cultura\/","title":{"rendered":"Comunicat de pres\u0103 privind demararea implement\u0103rii proiectului &#8222;Reabilitare bloc B2-Amenajare zona blocurilor C2-G5, Amenajare Platou Casa de Cultur\u0103&#8221;"},"content":{"rendered":"<p><img loading=\"lazy\" decoding=\"async\" class=\"alignnone wp-image-16586\" src=\"https:\/\/www.primariarovinari.ro\/wp-content\/uploads\/2020\/10\/4763_001-724x1024.jpg\" alt=\"\" width=\"671\" height=\"949\" srcset=\"https:\/\/primariarovinari.ro\/old\/wp-content\/uploads\/2020\/10\/4763_001-724x1024.jpg 724w, https:\/\/primariarovinari.ro\/old\/wp-content\/uploads\/2020\/10\/4763_001-119x168.jpg 119w, https:\/\/primariarovinari.ro\/old\/wp-content\/uploads\/2020\/10\/4763_001-768x1086.jpg 768w, https:\/\/primariarovinari.ro\/old\/wp-content\/uploads\/2020\/10\/4763_001-1087x1536.jpg 1087w, https:\/\/primariarovinari.ro\/old\/wp-content\/uploads\/2020\/10\/4763_001-1449x2048.jpg 1449w, https:\/\/primariarovinari.ro\/old\/wp-content\/uploads\/2020\/10\/4763_001-scaled.jpg 1811w\" sizes=\"auto, (max-width: 671px) 100vw, 671px\" \/><\/p>\n","protected":false},"excerpt":{"rendered":"","protected":false},"author":1001022,"featured_media":0,"comment_status":"open","ping_status":"open","sticky":false,"template":"","format":"standard","meta":{"ngg_post_thumbnail":0,"footnotes":""},"categories":[9,3,4,357,624],"tags":[],"class_list":["post-16587","post","type-post","status-publish","format-standard","hentry","category-anunturi","category-comunicate-de-presa","category-informatii-locale","category-investitii-2","category-p-o-r"],"_links":{"self":[{"href":"https:\/\/primariarovinari.ro\/old\/wp-json\/wp\/v2\/posts\/16587","targetHints":{"allow":["GET"]}}],"collection":[{"href":"https:\/\/primariarovinari.ro\/old\/wp-json\/wp\/v2\/posts"}],"about":[{"href":"https:\/\/primariarovinari.ro\/old\/wp-json\/wp\/v2\/types\/post"}],"author":[{"embeddable":true,"href":"https:\/\/primariarovinari.ro\/old\/wp-json\/wp\/v2\/users\/1001022"}],"replies":[{"embeddable":true,"href":"https:\/\/primariarovinari.ro\/old\/wp-json\/wp\/v2\/comments?post=16587"}],"version-history":[{"count":0,"href":"https:\/\/primariarovinari.ro\/old\/wp-json\/wp\/v2\/posts\/16587\/revisions"}],"wp:attachment":[{"href":"https:\/\/primariarovinari.ro\/old\/wp-json\/wp\/v2\/media?parent=16587"}],"wp:term":[{"taxonomy":"category","embeddable":true,"href":"https:\/\/primariarovinari.ro\/old\/wp-json\/wp\/v2\/categories?post=16587"},{"taxonomy":"post_tag","embeddable":true,"href":"https:\/\/primariarovinari.ro\/old\/wp-json\/wp\/v2\/tags?post=16587"}],"curies":[{"name":"wp","href":"https:\/\/api.w.org\/{rel}","templated":true}]}}