{"id":163,"date":"2009-05-11T14:03:44","date_gmt":"2009-05-11T12:03:44","guid":{"rendered":"http:\/\/www.primariarovinari.ro\/?p=163"},"modified":"2010-03-16T14:10:14","modified_gmt":"2010-03-16T12:10:14","slug":"zilele-orasului-rovinari-2009-editia-a-ix-a","status":"publish","type":"post","link":"https:\/\/primariarovinari.ro\/old\/2009\/05\/zilele-orasului-rovinari-2009-editia-a-ix-a\/","title":{"rendered":"Zilele Ora\u015fului Rovinari &#8211; 2009 , Edi\u0163ia a IX-a"},"content":{"rendered":"<p style=\"text-align: justify;\"><span style=\"font-family: arial,helvetica,sans-serif;\">La sf\u00e2r\u015fitul acestei s\u0103pt\u0103m\u00e2ni  localitatea Rovinari va g\u0103zduii &#8222;Zilele Ora\u015fului Rovinari&#8221;  Edi\u0163ia a  IX-a, manifest\u0103ri ce vor avea loc \u00een perioada 15 &#8211; 17 mai 2009, pe b-dul  Minerilor, eveniment organizat de Consiliul Local, Prim\u0103ria Rovinari,  Casa de Cultur\u0103 \u015fi Biblioteca Rovinari.<\/span><\/p>\n<p><span style=\"font-family: arial,helvetica,sans-serif;\"><!--more--><a href=\"http:\/\/www.primariarovinari.ro\/wp-content\/uploads\/2010\/03\/hpim2946.jpg\"><img loading=\"lazy\" decoding=\"async\" class=\"alignnone size-medium wp-image-164\" title=\"hpim2946\" src=\"http:\/\/www.primariarovinari.ro\/wp-content\/uploads\/2010\/03\/hpim2946-300x227.jpg\" alt=\"\" width=\"200\" height=\"151\" srcset=\"https:\/\/primariarovinari.ro\/old\/wp-content\/uploads\/2010\/03\/hpim2946-300x227.jpg 300w, https:\/\/primariarovinari.ro\/old\/wp-content\/uploads\/2010\/03\/hpim2946.jpg 600w\" sizes=\"auto, (max-width: 200px) 100vw, 200px\" \/> <\/a><a href=\"http:\/\/www.primariarovinari.ro\/wp-content\/uploads\/2010\/03\/hpim2985.jpg\"><img loading=\"lazy\" decoding=\"async\" class=\"alignnone size-medium wp-image-166\" title=\"hpim2985\" src=\"http:\/\/www.primariarovinari.ro\/wp-content\/uploads\/2010\/03\/hpim2985-300x227.jpg\" alt=\"\" width=\"200\" height=\"151\" srcset=\"https:\/\/primariarovinari.ro\/old\/wp-content\/uploads\/2010\/03\/hpim2985-300x227.jpg 300w, https:\/\/primariarovinari.ro\/old\/wp-content\/uploads\/2010\/03\/hpim2985.jpg 600w\" sizes=\"auto, (max-width: 200px) 100vw, 200px\" \/><\/a><\/span><\/p>\n<h2><span style=\"font-family: arial,helvetica,sans-serif;\"><span style=\"text-decoration: underline;\"><strong>Programul  manifest\u0103rilor:\u00a0<a href=\"http:\/\/www.primariarovinari.ro\/wp-content\/uploads\/2009\/05\/afis.jpg\"><img loading=\"lazy\" decoding=\"async\" class=\"alignright size-full wp-image-169\" title=\"afis\" src=\"http:\/\/www.primariarovinari.ro\/wp-content\/uploads\/2009\/05\/afis.jpg\" alt=\"\" width=\"224\" height=\"314\" \/><\/a><\/strong><\/span><\/span><\/h2>\n<p><span style=\"font-family: arial,helvetica,sans-serif;\"><strong><em>Vineri 15.05.2009 <\/em><\/strong><\/span><\/p>\n<p><span style=\"font-family: arial,helvetica,sans-serif;\">Festival de Folclor &#8211; orele 14:00<\/span><\/p>\n<p><span style=\"font-family: arial,helvetica,sans-serif;\">Spectacol muzical &#8211; orele 20:00<\/span><\/p>\n<p><span style=\"font-family: arial,helvetica,sans-serif;\"><em>Florin Pe\u015fte &amp; Laura &amp;  Alex &amp; Diana <\/em><\/span><\/p>\n<p><span style=\"font-family: arial,helvetica,sans-serif;\"> <\/span><\/p>\n<p><span style=\"font-family: arial,helvetica,sans-serif;\"><strong><em>S\u00e2mb\u0103t\u0103 16.05.2009 <\/em><\/strong><\/span><\/p>\n<p><span style=\"font-family: arial,helvetica,sans-serif;\">Spectacol muzical &#8211; orele 20:00<\/span><\/p>\n<p><span style=\"font-family: arial,helvetica,sans-serif;\"><em>Costel Ciofu &amp; Varz\u0103 &amp;  Casanova &amp; Mihai Priescu<\/em><\/span><\/p>\n<p><span style=\"font-family: arial,helvetica,sans-serif;\"> <\/span><\/p>\n<p><span style=\"font-family: arial,helvetica,sans-serif;\"><strong><em>Duminic\u0103 17.05.2009 <\/em><\/strong><\/span><\/p>\n<p><span style=\"font-family: arial,helvetica,sans-serif;\">Spectacol muzical &#8211; orele  21:00<\/span><\/p>\n<p><span style=\"font-family: arial,helvetica,sans-serif;\"><em>Lumini\u0163a  Pu\u015fca\u015f &amp; Tinu Veresezan<\/em><\/span><\/p>\n<p><span style=\"font-family: arial,helvetica,sans-serif;\"><em>C\u0103lin Cri\u015fan &amp; Nicoleta Gu\u0163\u0103 <\/em><\/span><\/p>\n<p><span style=\"font-family: arial,helvetica,sans-serif;\"> <\/span><\/p>\n<p><span style=\"font-family: arial,helvetica,sans-serif;\">Urma\u0163i de un impresionant spectacol de  lumin\u0103 \u015fi culoare <\/span><\/p>\n<p><span style=\"font-family: arial,helvetica,sans-serif;\"><br \/>\n<\/span><\/p>\n","protected":false},"excerpt":{"rendered":"<p>La sf\u00e2r\u015fitul acestei s\u0103pt\u0103m\u00e2ni localitatea Rovinari va g\u0103zduii &#8222;Zilele Ora\u015fului Rovinari&#8221; Edi\u0163ia a IX-a, manifest\u0103ri ce vor avea loc \u00een perioada 15 &#8211; 17 mai 2009, pe b-dul Minerilor, eveniment organizat de Consiliul Local, Prim\u0103ria Rovinari, Casa de Cultur\u0103 \u015fi Biblioteca Rovinari.<\/p>\n","protected":false},"author":1001008,"featured_media":0,"comment_status":"open","ping_status":"open","sticky":false,"template":"","format":"standard","meta":{"ngg_post_thumbnail":0,"footnotes":""},"categories":[4],"tags":[33,18,32],"class_list":["post-163","post","type-post","status-publish","format-standard","hentry","category-informatii-locale","tag-petrecere","tag-sarbatoare","tag-zilele-orasului-rovinari"],"_links":{"self":[{"href":"https:\/\/primariarovinari.ro\/old\/wp-json\/wp\/v2\/posts\/163","targetHints":{"allow":["GET"]}}],"collection":[{"href":"https:\/\/primariarovinari.ro\/old\/wp-json\/wp\/v2\/posts"}],"about":[{"href":"https:\/\/primariarovinari.ro\/old\/wp-json\/wp\/v2\/types\/post"}],"author":[{"embeddable":true,"href":"https:\/\/primariarovinari.ro\/old\/wp-json\/wp\/v2\/users\/1001008"}],"replies":[{"embeddable":true,"href":"https:\/\/primariarovinari.ro\/old\/wp-json\/wp\/v2\/comments?post=163"}],"version-history":[{"count":0,"href":"https:\/\/primariarovinari.ro\/old\/wp-json\/wp\/v2\/posts\/163\/revisions"}],"wp:attachment":[{"href":"https:\/\/primariarovinari.ro\/old\/wp-json\/wp\/v2\/media?parent=163"}],"wp:term":[{"taxonomy":"category","embeddable":true,"href":"https:\/\/primariarovinari.ro\/old\/wp-json\/wp\/v2\/categories?post=163"},{"taxonomy":"post_tag","embeddable":true,"href":"https:\/\/primariarovinari.ro\/old\/wp-json\/wp\/v2\/tags?post=163"}],"curies":[{"name":"wp","href":"https:\/\/api.w.org\/{rel}","templated":true}]}}