{"id":1624,"date":"2010-07-16T14:28:38","date_gmt":"2010-07-16T12:28:38","guid":{"rendered":"http:\/\/www.primariarovinari.ro\/?p=1624"},"modified":"2010-07-16T14:55:09","modified_gmt":"2010-07-16T12:55:09","slug":"rovinarenii-solidari-cu-victimele-inundatiilor-din-moldova","status":"publish","type":"post","link":"https:\/\/primariarovinari.ro\/old\/2010\/07\/rovinarenii-solidari-cu-victimele-inundatiilor-din-moldova\/","title":{"rendered":"Rovin\u0103renii al\u0103turi de victimele inunda\u0163iilor din Moldova"},"content":{"rendered":"<p style=\"text-align: justify;\"><object classid=\"clsid:d27cdb6e-ae6d-11cf-96b8-444553540000\" width=\"275\" height=\"200\" codebase=\"http:\/\/download.macromedia.com\/pub\/shockwave\/cabs\/flash\/swflash.cab#version=6,0,40,0\"><param name=\"src\" value=\"http:\/\/www.youtube.com\/v\/FeO7l0hwhoI\" \/><param name=\"align\" value=\"left\" \/><param name=\"vspace\" value=\"10\" \/><param name=\"hspace\" value=\"10\" \/><embed type=\"application\/x-shockwave-flash\" width=\"275\" height=\"200\" src=\"http:\/\/www.youtube.com\/v\/FeO7l0hwhoI\" hspace=\"10\" vspace=\"10\" align=\"left\"><\/embed><\/object>Prim\u0103ria ora\u015fului Rovinari a r\u0103spuns ac\u0163iunii privind colectarea de ajutoare pentru cet\u0103\u0163enii din nordul Moldovei, ale c\u0103ror case au fost afectate de inunda\u0163iile din ultima perioad\u0103. Ac\u0163iunea a fost organizat\u0103 de Prefectura jude\u0163ului Gorj cu scopul de a colecta un num\u0103r c\u00e2t mai mare de ajutoare, care s\u0103 fie trimise celor mai afectate localit\u0103\u0163i din Nord-Estul \u0163\u0103rii.<\/p>\n<p style=\"text-align: justify;\">Astfel, Prim\u0103ria Rovinari a amenajat dou\u0103 puncte de colectare, unul la Clubul V\u00e2rstnicilor \u015fi cel\u0103lalt \u00een Pia\u0163a Agroalimentar\u0103, unde oamenii au venit \u015fi au adus ajutoare. Cet\u0103\u0163enii ora\u015fului nostru au r\u0103spuns favorabil la aceast\u0103 ac\u0163iune \u015fi \u00een mai pu\u0163in de o s\u0103pt\u0103m\u00e2n\u0103 s-au str\u00e2ns c\u00e2teva zeci de saci. Cet\u0103\u0163enii au donat \u00een cea mai mare parte haine \u015fi \u00eenc\u0103l\u0163\u0103minte dar \u015fi baxuri de ap\u0103 mineral\u0103, ulei, \u015fi f\u0103in\u0103. Pe l\u00e2ng\u0103 acestea s-a mai str\u00e2ns \u015fi suma de 2010 lei, bani care au fost\u00a0 vira\u0163i \u00eentr-un cont special creat pentru cei inunda\u0163i.<\/p>\n<p style=\"text-align: justify;\"><!--more-->Luni seara toate ajutoarele colectate au fost \u00eenc\u0103rcate \u00een microbuzul Prim\u0103riei Rovinari, care s-a al\u0103turat convoiului de ajutoare care s-a deplasat la Boto\u015fani \u00eempreun\u0103 cu reprezentan\u0163i ai Prefecturii Gorj.<br \/>\nAc\u0163iunea se desf\u0103\u015foar\u0103 \u00een continuare la nivelul ora\u015fului Rovinari, a\u015ftept\u0103m \u015fi alte persoane care nu au donat p\u00e2n\u0103 acum, s\u0103 contribuie fiecare dup\u0103 posibilit\u0103\u0163i.<\/p>\n<p style=\"text-align: justify;\">Primarul ora\u015fului Rovinari, Dorin Filip, mul\u0163ume\u015fte tuturor cet\u0103\u0163enilor care au donat din pu\u0163inul lor \u015fi altor semeni greu \u00eencerca\u0163i \u00een aceste momente. S-a dovedit \u00eenc\u0103 o dat\u0103 c\u0103 \u00een Rovinari sunt oameni cu suflet mare, oameni sensibili la necazurile semenilor, cre\u015ftini \u00een adev\u0103ratul sens al cuv\u00e2ntului.<\/p>\nngg_shortcode_0_placeholder\n","protected":false},"excerpt":{"rendered":"<p>Prim\u0103ria ora\u015fului Rovinari a r\u0103spuns ac\u0163iunii privind colectarea de ajutoare pentru cet\u0103\u0163enii din nordul Moldovei, ale c\u0103ror case au fost afectate de inunda\u0163iile din ultima perioad\u0103. Ac\u0163iunea a fost organizat\u0103 de Prefectura jude\u0163ului Gorj cu scopul de a colecta un num\u0103r c\u00e2t mai mare de ajutoare, care s\u0103 fie trimise celor mai afectate localit\u0103\u0163i din [&hellip;]<\/p>\n","protected":false},"author":1001008,"featured_media":0,"comment_status":"open","ping_status":"open","sticky":false,"template":"","format":"standard","meta":{"ngg_post_thumbnail":0,"footnotes":""},"categories":[151],"tags":[235,234],"class_list":["post-1624","post","type-post","status-publish","format-standard","hentry","category-informatii-publice","tag-ajutoare-sinistrati","tag-salvati-sinistratii"],"_links":{"self":[{"href":"https:\/\/primariarovinari.ro\/old\/wp-json\/wp\/v2\/posts\/1624","targetHints":{"allow":["GET"]}}],"collection":[{"href":"https:\/\/primariarovinari.ro\/old\/wp-json\/wp\/v2\/posts"}],"about":[{"href":"https:\/\/primariarovinari.ro\/old\/wp-json\/wp\/v2\/types\/post"}],"author":[{"embeddable":true,"href":"https:\/\/primariarovinari.ro\/old\/wp-json\/wp\/v2\/users\/1001008"}],"replies":[{"embeddable":true,"href":"https:\/\/primariarovinari.ro\/old\/wp-json\/wp\/v2\/comments?post=1624"}],"version-history":[{"count":0,"href":"https:\/\/primariarovinari.ro\/old\/wp-json\/wp\/v2\/posts\/1624\/revisions"}],"wp:attachment":[{"href":"https:\/\/primariarovinari.ro\/old\/wp-json\/wp\/v2\/media?parent=1624"}],"wp:term":[{"taxonomy":"category","embeddable":true,"href":"https:\/\/primariarovinari.ro\/old\/wp-json\/wp\/v2\/categories?post=1624"},{"taxonomy":"post_tag","embeddable":true,"href":"https:\/\/primariarovinari.ro\/old\/wp-json\/wp\/v2\/tags?post=1624"}],"curies":[{"name":"wp","href":"https:\/\/api.w.org\/{rel}","templated":true}]}}