{"id":159,"date":"2009-02-28T14:00:33","date_gmt":"2009-02-28T12:00:33","guid":{"rendered":"http:\/\/www.primariarovinari.ro\/?p=159"},"modified":"2010-03-16T14:02:21","modified_gmt":"2010-03-16T12:02:21","slug":"sistem-de-colectare-selectiva-si-valorificare-a-deseurilor-cu-centrul-zonal-in-orasul-rovinari","status":"publish","type":"post","link":"https:\/\/primariarovinari.ro\/old\/2009\/02\/sistem-de-colectare-selectiva-si-valorificare-a-deseurilor-cu-centrul-zonal-in-orasul-rovinari\/","title":{"rendered":"Sistem de colectare selectiv\u0103 \u015fi valorificare a de\u015feurilor cu centrul zonal \u00een ora\u015ful Rovinari"},"content":{"rendered":"<p style=\"text-align: justify;\"><span style=\"font-family: book antiqua,palatino;\">Consiliul Local  ora\u015f Rovinari \u015fi Consiliile locale ale comunelor B\u00e2lteni, Dr\u0103gu\u0163e\u015fti,  F\u0103rc\u0103\u015fe\u015fti \u015fi Negomir, au prezentat implementarea proiectului &#8222;Sistem de  colectare selectiv\u0103 \u015fi valorificare a de\u015feurilor cu centru zonal \u00een  ora\u015ful Rovinari&#8221;.<\/span><br \/>\n<span style=\"font-family: book antiqua,palatino;\"> Proiectul\u00a0 &#8222;Sistem de colectare selectiv\u0103 \u015fi valorificare a de\u015feurilor  cu centru zonal \u00een ora\u015ful Rovinari&#8221; a avut ca scop optimizarea  colect\u0103rii de\u015feurilor menajere \u015fi asimilate \u00een vederea protec\u0163iei \u015fi  \u00eembun\u0103t\u0103\u0163irii calit\u0103\u0163ii mediului av\u00e2nd grup \u0163int\u0103 ora\u015ful Rovinari \u015fi  comunele partenere B\u00e2lteni, Dr\u0103gu\u0163e\u015fti, F\u0103rc\u0103\u015fe\u015fti \u015fi Negomir.<\/span><\/p>\n<div style=\"text-align: justify;\"><span style=\"font-family: book antiqua,palatino;\"> Prin  implementarea proiectului\u00a0 &#8222;Sistem de colectare selectiv\u0103 \u015fi  valorificare a de\u015feurilor cu centru zonal \u00een ora\u015ful Rovinari&#8221; finan\u0163at  prin Program PHARE 2004\/016-772.04.01.04.01.01.044 s-au realizat  urm\u0103toarele rezultate:<\/span><br \/>\n<span style=\"font-family: book antiqua,palatino;\">&#8211;  Construirea Sta\u0163iei\u00a0 de Transfer De\u015feuri;<\/span><br \/>\n<span style=\"font-family: book antiqua,palatino;\">&#8211; Achizi\u0163ionarea instala\u0163iei \u015fi a echipamentelor  necesare colect\u0103rii selective \u015fi valorific\u0103rii de\u015feurilor reciclabile  (Autogunoiera compactoare, 7026 de pubele de 120l)<\/span>;<br \/>\n<span style=\"font-family: book antiqua,palatino;\">&#8211; Derularea unui program educa\u0163ional \u015fi de  promovare a mediului.<\/span><br \/>\n<span style=\"font-family: book antiqua,palatino;\"> Aceast\u0103 ini\u0163iativ\u0103 face parte din Programul de Coeziune Economic\u0103 \u015fi  Social\u0103 &#8222;Schema de investitii pentru proiecte mici de gestionare a  de\u015feurilor(faza extins\u0103)&#8221;, finan\u0163at de Uniunea European\u0103 prin programul  PHARE 2004.<\/span><\/div>\n","protected":false},"excerpt":{"rendered":"<p>Consiliul Local ora\u015f Rovinari \u015fi Consiliile locale ale comunelor B\u00e2lteni, Dr\u0103gu\u0163e\u015fti, F\u0103rc\u0103\u015fe\u015fti \u015fi Negomir, au prezentat implementarea proiectului &#8222;Sistem de colectare selectiv\u0103 \u015fi valorificare a de\u015feurilor cu centru zonal \u00een ora\u015ful Rovinari&#8221;. Proiectul\u00a0 &#8222;Sistem de colectare selectiv\u0103 \u015fi valorificare a de\u015feurilor cu centru zonal \u00een ora\u015ful Rovinari&#8221; a avut ca scop optimizarea colect\u0103rii de\u015feurilor menajere [&hellip;]<\/p>\n","protected":false},"author":1001008,"featured_media":0,"comment_status":"open","ping_status":"open","sticky":false,"template":"","format":"standard","meta":{"ngg_post_thumbnail":0,"footnotes":""},"categories":[8],"tags":[29,27,31,30,28],"class_list":["post-159","post","type-post","status-publish","format-standard","hentry","category-proiecte","tag-centru-zonal","tag-colectare-deseuri","tag-fonduri-externe","tag-parteneriat","tag-scsvd"],"_links":{"self":[{"href":"https:\/\/primariarovinari.ro\/old\/wp-json\/wp\/v2\/posts\/159","targetHints":{"allow":["GET"]}}],"collection":[{"href":"https:\/\/primariarovinari.ro\/old\/wp-json\/wp\/v2\/posts"}],"about":[{"href":"https:\/\/primariarovinari.ro\/old\/wp-json\/wp\/v2\/types\/post"}],"author":[{"embeddable":true,"href":"https:\/\/primariarovinari.ro\/old\/wp-json\/wp\/v2\/users\/1001008"}],"replies":[{"embeddable":true,"href":"https:\/\/primariarovinari.ro\/old\/wp-json\/wp\/v2\/comments?post=159"}],"version-history":[{"count":0,"href":"https:\/\/primariarovinari.ro\/old\/wp-json\/wp\/v2\/posts\/159\/revisions"}],"wp:attachment":[{"href":"https:\/\/primariarovinari.ro\/old\/wp-json\/wp\/v2\/media?parent=159"}],"wp:term":[{"taxonomy":"category","embeddable":true,"href":"https:\/\/primariarovinari.ro\/old\/wp-json\/wp\/v2\/categories?post=159"},{"taxonomy":"post_tag","embeddable":true,"href":"https:\/\/primariarovinari.ro\/old\/wp-json\/wp\/v2\/tags?post=159"}],"curies":[{"name":"wp","href":"https:\/\/api.w.org\/{rel}","templated":true}]}}