{"id":1575,"date":"2010-06-21T10:23:51","date_gmt":"2010-06-21T08:23:51","guid":{"rendered":"http:\/\/www.primariarovinari.ro\/?p=1575"},"modified":"2010-06-21T10:41:59","modified_gmt":"2010-06-21T08:41:59","slug":"o-mica-artista-din-rovinari-invitata-la-premierea-concursului-de-desene-organizat-la-bucuresti-de-comisia-europeana","status":"publish","type":"post","link":"https:\/\/primariarovinari.ro\/old\/2010\/06\/o-mica-artista-din-rovinari-invitata-la-premierea-concursului-de-desene-organizat-la-bucuresti-de-comisia-europeana\/","title":{"rendered":"O mic\u0103 artist\u0103 din Rovinari invitat\u0103 la premierea Concursului de desene organizat  la Bucure\u015fti de Comisia European\u0103"},"content":{"rendered":"<p style=\"text-align: justify;\"><a href=\"http:\/\/www.primariarovinari.ro\/wp-content\/uploads\/2010\/06\/eleva1.jpg\"><img loading=\"lazy\" decoding=\"async\" class=\"alignright size-medium wp-image-1576\" title=\"eleva1\" src=\"http:\/\/www.primariarovinari.ro\/wp-content\/uploads\/2010\/06\/eleva1-300x225.jpg\" alt=\"\" width=\"240\" height=\"180\" srcset=\"https:\/\/primariarovinari.ro\/old\/wp-content\/uploads\/2010\/06\/eleva1-300x225.jpg 300w, https:\/\/primariarovinari.ro\/old\/wp-content\/uploads\/2010\/06\/eleva1.jpg 640w\" sizes=\"auto, (max-width: 240px) 100vw, 240px\" \/><\/a>Ziua de 15 iunie a fost\u00a0 deosebit\u0103 pentru eleva, MELINTE LAVINIA din clasa a III-a A de la \u015ecoala General\u0103 Nr. 1 Rovinari \u015fi pentru profesoara ei, Radu Dorina, deoarece au fost invitate s\u0103 ia parte la premierea Concursului de desene dedicat Zilei Europei, concurs organizat de Comisia European\u0103 la Bucure\u015fti, pe 9 mai 2010.<\/p>\n<p style=\"text-align: justify;\">Din cele 4000 de lucr\u0103ri trimise de elevii din Rom\u00e2nia, au fost selectate pentru premiere 30 de lucr\u0103ri la ciclul primar \u015fi 30 de lucr\u0103ri la ciclul gimnazial. Bucurie mare\u00a0 \u015fi m\u00e2ndrie \u00een momentul \u00een care s-a primit invita\u0163ia de a participa la festivitatea de premiere de la Bucure\u015fti, \u00een data de 15 iunie, deoarece una dintre lucr\u0103rile selectate a fost a elevei din ora\u015ful nostru.<\/p>\n<p style=\"text-align: justify;\"><a href=\"http:\/\/www.primariarovinari.ro\/wp-content\/uploads\/2010\/06\/eleva2.jpg\"><!--more--><img loading=\"lazy\" decoding=\"async\" class=\"alignleft size-medium wp-image-1586\" title=\"eleva2\" src=\"http:\/\/www.primariarovinari.ro\/wp-content\/uploads\/2010\/06\/eleva2-300x225.jpg\" alt=\"\" width=\"240\" height=\"180\" srcset=\"https:\/\/primariarovinari.ro\/old\/wp-content\/uploads\/2010\/06\/eleva2-300x225.jpg 300w, https:\/\/primariarovinari.ro\/old\/wp-content\/uploads\/2010\/06\/eleva2.jpg 640w\" sizes=\"auto, (max-width: 240px) 100vw, 240px\" \/><\/a>Premierea a avut loc la Aula Bibliotecii Centrale din Bucure\u015fti. Momentul solemn a fost deosebit; copiii au fost premia\u0163i, au primit diplome, albume \u015fi felicit\u0103ri din partea reprezentantului Comisiei Europene la Bucure\u015fti. Au fost anun\u0163a\u0163i c\u0103 toate lucr\u0103rile selectate pentru premiere vor fi scoase la licita\u0163ie, iar cu banii str\u00e2n\u015fi vor fi ajuta\u0163i copiii afla\u0163i \u00een pragul s\u0103r\u0103ciei.<\/p>\n<p style=\"text-align: justify;\">Primul pas spre art\u0103 a fost f\u0103cut. Sper\u0103m s\u0103 mai urmeze \u015fi alte reu\u015fite.<\/p>\n<p style=\"text-align: justify;\">\n<p style=\"text-align: justify;\">\n<p style=\"text-align: justify;\"><strong>Tradi\u0163ii \u015fi obiceiuri gorjene\u015fti<\/strong><br \/>\nChiar dac\u0103 este vacan\u0163\u0103, elevii rovin\u0103reni sunt \u00eenc\u0103 antrena\u0163i \u00een activit\u0103\u0163i educa\u0163ionale. Pe 16 iunie 2010, un grup de elevi de la \u015ecoala General\u0103 Nr. 1\u00a0 Rovinari \u00eenso\u0163i\u0163i de doamnele profesoare <a href=\"http:\/\/www.primariarovinari.ro\/wp-content\/uploads\/2010\/06\/IMG_4357.jpg\"><img loading=\"lazy\" decoding=\"async\" class=\"alignright size-medium wp-image-1587\" title=\"IMG_4357\" src=\"http:\/\/www.primariarovinari.ro\/wp-content\/uploads\/2010\/06\/IMG_4357-300x225.jpg\" alt=\"\" width=\"240\" height=\"180\" srcset=\"https:\/\/primariarovinari.ro\/old\/wp-content\/uploads\/2010\/06\/IMG_4357-300x225.jpg 300w, https:\/\/primariarovinari.ro\/old\/wp-content\/uploads\/2010\/06\/IMG_4357.jpg 640w\" sizes=\"auto, (max-width: 240px) 100vw, 240px\" \/><\/a>D\u0103n\u0103\u015fel Magdalena, Radu Dorina \u015fi Teic\u0103 Loredana au participat al\u0103turi de elevi din jude\u0163ele V\u00eelcea, Arad, Arge\u015f \u015fi D\u00eembovi\u0163a la Muzeul Satului din Bujoreni, V\u00eelcea, \u00een cadrul parteneriatului educa\u0163ional &#8222;Tradi\u0163ii \u015fi obiceiuri\u201d.<\/p>\n<p style=\"text-align: justify;\">Rovin\u0103renii s-au prezentat cu o parte din zestrea c\u00e2ntecelor Mariei L\u0103t\u0103re\u0163u \u015fi au reu\u015fit s\u0103 \u00eenc\u00e2nte prin costumele populare gorjene\u015fti \u015fi prin glasurile lor curate. S-a v\u0103zut \u015fi aici c\u0103 marea solist\u0103 este cunoscut\u0103, deoarece to\u0163i cei prezen\u0163i la ac\u0163iune interpretau \u00eempreun\u0103 cu soli\u015ftii c\u00e2ntecele care au r\u0103sunat \u00een curtea muzeului. Televiziunea local\u0103 v\u00e2lcean\u0103 a fost prezent\u0103, iar \u00een micile interven\u0163ii luate din r\u00e2ndul copiilor, s-a auzit c\u0103 ace\u015ftia iubesc tradi\u0163iile, muzica popular\u0103, portul popular \u015fi sunt dornici s\u0103 transmit\u0103 mai departe zestrea cu care s-au n\u0103scut.<br \/>\n<a href=\"http:\/\/www.primariarovinari.ro\/wp-content\/uploads\/2010\/06\/IMG_4377.jpg\"><img loading=\"lazy\" decoding=\"async\" class=\"aligncenter size-full wp-image-1588\" title=\"IMG_4377\" src=\"http:\/\/www.primariarovinari.ro\/wp-content\/uploads\/2010\/06\/IMG_4377.jpg\" alt=\"\" width=\"500\" height=\"375\" srcset=\"https:\/\/primariarovinari.ro\/old\/wp-content\/uploads\/2010\/06\/IMG_4377.jpg 640w, https:\/\/primariarovinari.ro\/old\/wp-content\/uploads\/2010\/06\/IMG_4377-300x225.jpg 300w\" sizes=\"auto, (max-width: 500px) 100vw, 500px\" \/><\/a><\/p>\n<p style=\"text-align: justify;\">\n","protected":false},"excerpt":{"rendered":"<p>Ziua de 15 iunie a fost\u00a0 deosebit\u0103 pentru eleva, MELINTE LAVINIA din clasa a III-a A de la \u015ecoala General\u0103 Nr. 1 Rovinari \u015fi pentru profesoara ei, Radu Dorina, deoarece au fost invitate s\u0103 ia parte la premierea Concursului de desene dedicat Zilei Europei, concurs organizat de Comisia European\u0103 la Bucure\u015fti, pe 9 mai 2010. [&hellip;]<\/p>\n","protected":false},"author":1001008,"featured_media":0,"comment_status":"open","ping_status":"open","sticky":false,"template":"","format":"standard","meta":{"ngg_post_thumbnail":0,"footnotes":""},"categories":[13],"tags":[227,230,228,229],"class_list":["post-1575","post","type-post","status-publish","format-standard","hentry","category-invatamant","tag-melinte-lavinia","tag-obiceiuri","tag-premiata","tag-traditii"],"_links":{"self":[{"href":"https:\/\/primariarovinari.ro\/old\/wp-json\/wp\/v2\/posts\/1575","targetHints":{"allow":["GET"]}}],"collection":[{"href":"https:\/\/primariarovinari.ro\/old\/wp-json\/wp\/v2\/posts"}],"about":[{"href":"https:\/\/primariarovinari.ro\/old\/wp-json\/wp\/v2\/types\/post"}],"author":[{"embeddable":true,"href":"https:\/\/primariarovinari.ro\/old\/wp-json\/wp\/v2\/users\/1001008"}],"replies":[{"embeddable":true,"href":"https:\/\/primariarovinari.ro\/old\/wp-json\/wp\/v2\/comments?post=1575"}],"version-history":[{"count":0,"href":"https:\/\/primariarovinari.ro\/old\/wp-json\/wp\/v2\/posts\/1575\/revisions"}],"wp:attachment":[{"href":"https:\/\/primariarovinari.ro\/old\/wp-json\/wp\/v2\/media?parent=1575"}],"wp:term":[{"taxonomy":"category","embeddable":true,"href":"https:\/\/primariarovinari.ro\/old\/wp-json\/wp\/v2\/categories?post=1575"},{"taxonomy":"post_tag","embeddable":true,"href":"https:\/\/primariarovinari.ro\/old\/wp-json\/wp\/v2\/tags?post=1575"}],"curies":[{"name":"wp","href":"https:\/\/api.w.org\/{rel}","templated":true}]}}