{"id":1544,"date":"2010-06-10T13:39:09","date_gmt":"2010-06-10T11:39:09","guid":{"rendered":"http:\/\/www.primariarovinari.ro\/?p=1544"},"modified":"2010-06-11T16:58:04","modified_gmt":"2010-06-11T14:58:04","slug":"strandul-orasenesc-rovinari-s-a-deschis-pentru-un-nou-sezon","status":"publish","type":"post","link":"https:\/\/primariarovinari.ro\/old\/2010\/06\/strandul-orasenesc-rovinari-s-a-deschis-pentru-un-nou-sezon\/","title":{"rendered":"\u015etrandul Or\u0103\u015fenesc Rovinari s-a deschis pentru un nou sezon"},"content":{"rendered":"<p style=\"text-align: justify;\"><a href=\"http:\/\/www.primariarovinari.ro\/wp-content\/uploads\/2010\/06\/P1000884.jpg\"><img loading=\"lazy\" decoding=\"async\" class=\"alignright size-medium wp-image-1545\" title=\"strand_rovinari\" src=\"http:\/\/www.primariarovinari.ro\/wp-content\/uploads\/2010\/06\/P1000884-300x225.jpg\" alt=\"\" width=\"270\" height=\"203\" srcset=\"https:\/\/primariarovinari.ro\/old\/wp-content\/uploads\/2010\/06\/P1000884-300x225.jpg 300w, https:\/\/primariarovinari.ro\/old\/wp-content\/uploads\/2010\/06\/P1000884.jpg 1024w\" sizes=\"auto, (max-width: 270px) 100vw, 270px\" \/><\/a>\u00cencep\u00e2nd de ast\u0103zi \u015etrandul Or\u0103\u015fenesc Rovinari s-a deschis oficial pentru sezonul din aceast\u0103 var\u0103. Acesta \u00eentrunea toate condi\u0163iile pentru\u00a0 deschidere \u00eenc\u0103 de acum c\u00e2teva s\u0103pt\u0103m\u00e2ni, c\u00e2nd au fost igienizate toaletele, du\u015furile, cabinele de schimb, \u015fi bazinul. Singura problem\u0103 pentru care \u015ftrandul nu s-a deschis mai devreme, a fost temperatura apei care se afla sub 20 grade Celsius.<\/p>\n<p style=\"text-align: justify;\">Pu\u0163ini sunt cei care \u015ftiu c\u0103 \u015etrandul Or\u0103\u015fenesc Rovinari este printre cele mai dotate ca utilit\u0103\u0163i, fiind construit \u00een centrul ora\u015fului, la un nivel european, \u015fi dispune inclusiv de o re\u0163ea de internet Wireless. \u015etrandul este dotat \u015fi cu\u00a0 teras\u0103, plaj\u0103, du\u015furi, \u015fezlonguri, cabine de schimb, bazin pentru copii \u015fi un teren de tenis. Consiliul Local Rovinari a aprobat \u00een Hot. Nr. 42\/28.04.2010 taxele de intrare \u00een incinta \u015etrandului Or\u0103\u015fenesc Rovinari pentru sezonul mai-septembrie 2010.<\/p>\n<p style=\"text-align: justify;\"><!--more-->Din cauza crizei economico-financiare au fost men\u0163inute tarifele de anul trecut,\u00a0 astfel:<br \/>\n&#8211;\u00a0\u00a0 \u00a0tax\u0103 intrare copii &#8211; 3,5 lei\/zi;<br \/>\n&#8211;\u00a0\u00a0 \u00a0tax\u0103 intrare adul\u0163i &#8211; 5 lei pe zi;<br \/>\n&#8211;\u00a0\u00a0 \u00a0tax\u0103 \u015fezlong &#8211; 1 leu\/zi.<br \/>\n\u00cen perioada ce urmeaz\u0103 se anun\u0163\u0103 temperaturi foarte ridicate \u015fi din acest motiv invit\u0103m c\u00e2t mai multe persoane s\u0103 vin\u0103 la \u015ftrand. \u00cen acest sf\u00e2r\u015fit de s\u0103pt\u0103m\u00e2n\u0103 se preconizeaz\u0103 c\u0103 \u015ftrandul va fi foarte populat din cauza vremii care se anun\u0163\u0103 excelent\u0103 pentru baie \u015fi plaj\u0103 dar \u015fi pentru c\u0103 elevii \u015fi studen\u0163ii au intrat \u00een vacan\u0163\u0103.<\/p>\n<p style=\"text-align: justify;\">Prim\u0103ria Rovinari dore\u015fte ca \u00een perioada verii \u015ftrandul s\u0103 reprezinte punctul de atrac\u0163ie cel mai important din ora\u015f.<\/p>\n","protected":false},"excerpt":{"rendered":"<p>\u00cencep\u00e2nd de ast\u0103zi \u015etrandul Or\u0103\u015fenesc Rovinari s-a deschis oficial pentru sezonul din aceast\u0103 var\u0103. Acesta \u00eentrunea toate condi\u0163iile pentru\u00a0 deschidere \u00eenc\u0103 de acum c\u00e2teva s\u0103pt\u0103m\u00e2ni, c\u00e2nd au fost igienizate toaletele, du\u015furile, cabinele de schimb, \u015fi bazinul. Singura problem\u0103 pentru care \u015ftrandul nu s-a deschis mai devreme, a fost temperatura apei care se afla sub 20 [&hellip;]<\/p>\n","protected":false},"author":1001008,"featured_media":0,"comment_status":"open","ping_status":"open","sticky":false,"template":"","format":"standard","meta":{"ngg_post_thumbnail":0,"footnotes":""},"categories":[9],"tags":[225,224,223],"class_list":["post-1544","post","type-post","status-publish","format-standard","hentry","category-anunturi","tag-plaba","tag-sezon-estival","tag-strand"],"_links":{"self":[{"href":"https:\/\/primariarovinari.ro\/old\/wp-json\/wp\/v2\/posts\/1544","targetHints":{"allow":["GET"]}}],"collection":[{"href":"https:\/\/primariarovinari.ro\/old\/wp-json\/wp\/v2\/posts"}],"about":[{"href":"https:\/\/primariarovinari.ro\/old\/wp-json\/wp\/v2\/types\/post"}],"author":[{"embeddable":true,"href":"https:\/\/primariarovinari.ro\/old\/wp-json\/wp\/v2\/users\/1001008"}],"replies":[{"embeddable":true,"href":"https:\/\/primariarovinari.ro\/old\/wp-json\/wp\/v2\/comments?post=1544"}],"version-history":[{"count":0,"href":"https:\/\/primariarovinari.ro\/old\/wp-json\/wp\/v2\/posts\/1544\/revisions"}],"wp:attachment":[{"href":"https:\/\/primariarovinari.ro\/old\/wp-json\/wp\/v2\/media?parent=1544"}],"wp:term":[{"taxonomy":"category","embeddable":true,"href":"https:\/\/primariarovinari.ro\/old\/wp-json\/wp\/v2\/categories?post=1544"},{"taxonomy":"post_tag","embeddable":true,"href":"https:\/\/primariarovinari.ro\/old\/wp-json\/wp\/v2\/tags?post=1544"}],"curies":[{"name":"wp","href":"https:\/\/api.w.org\/{rel}","templated":true}]}}