{"id":1526,"date":"2010-06-09T13:56:52","date_gmt":"2010-06-09T11:56:52","guid":{"rendered":"http:\/\/www.primariarovinari.ro\/?p=1526"},"modified":"2010-06-11T17:01:56","modified_gmt":"2010-06-11T15:01:56","slug":"primaria-rovinari-a-inceput-reabilitarea-mai-multor-obiective","status":"publish","type":"post","link":"https:\/\/primariarovinari.ro\/old\/2010\/06\/primaria-rovinari-a-inceput-reabilitarea-mai-multor-obiective\/","title":{"rendered":"Prim\u0103ria Rovinari a \u00eenceput reabilitarea mai multor obiective"},"content":{"rendered":"<p style=\"text-align: justify;\">\n<p style=\"text-align: justify;\"><a href=\"http:\/\/www.primariarovinari.ro\/wp-content\/uploads\/2010\/06\/DSC01288.jpg\"><img loading=\"lazy\" decoding=\"async\" class=\"alignleft size-medium wp-image-1527\" title=\"parcare_rovinari\" src=\"http:\/\/www.primariarovinari.ro\/wp-content\/uploads\/2010\/06\/DSC01288-300x168.jpg\" alt=\"\" width=\"300\" height=\"168\" srcset=\"https:\/\/primariarovinari.ro\/old\/wp-content\/uploads\/2010\/06\/DSC01288-300x168.jpg 300w, https:\/\/primariarovinari.ro\/old\/wp-content\/uploads\/2010\/06\/DSC01288.jpg 1024w\" sizes=\"auto, (max-width: 300px) 100vw, 300px\" \/><\/a>Prim\u0103ria ora\u015fului Rovinari a \u00eenceput reabilitarea mai multor str\u0103zi \u015fi alei din ora\u015f, dar \u015fi crearea mai multor locuri de parcare. Locurile de parcare au devenit o problem\u0103 cu care se confrunt\u0103 locuitorii din Rovinari datorit\u0103 cre\u015fterii num\u0103rului de autovehicule \u00eenmatriculate. Pentru a rezolva aceast\u0103 problem\u0103, cu care se confrunt\u0103 comunitatea, prim\u0103ria a \u00eenceput amenajarea mai multor locuri de parcare, concomitent cu reabilitarea mai multor str\u0103zi \u015fi alei.<\/p>\n<p style=\"text-align: justify;\"><!--more-->S-a finalizat asfaltarea \u015fi amenajarea unei parc\u0103ri pe aleea dintre Strada Prieteniei \u015fi Bulevardul Minerilor, dar <a href=\"http:\/\/www.primariarovinari.ro\/wp-content\/uploads\/2010\/06\/DSC01299.jpg\"><img loading=\"lazy\" decoding=\"async\" class=\"alignright size-medium wp-image-1528\" title=\"termoizolare_scoalarovinari\" src=\"http:\/\/www.primariarovinari.ro\/wp-content\/uploads\/2010\/06\/DSC01299-300x168.jpg\" alt=\"\" width=\"300\" height=\"168\" srcset=\"https:\/\/primariarovinari.ro\/old\/wp-content\/uploads\/2010\/06\/DSC01299-300x168.jpg 300w, https:\/\/primariarovinari.ro\/old\/wp-content\/uploads\/2010\/06\/DSC01299.jpg 1024w\" sizes=\"auto, (max-width: 300px) 100vw, 300px\" \/><\/a>\u015fi reabilitarea bazei sportive a \u015ecolii Generale Nr.1. La \u015ecoala General\u0103 Nr. 3 \u015fi la \u015ecoala General\u0103 Nr. 1, lucr\u0103rile de termoizolare se apropie de final. Costurile\u00a0 cu izolarea termic\u0103 a celor dou\u0103 unit\u0103\u0163i de \u00eenv\u0103\u0163\u0103m\u00e2nt au fost suportate de c\u0103tre Ministerul Educa\u0163iei \u015fi Cercet\u0103rii.<\/p>\n<p style=\"text-align: justify;\">Dup\u0103 finalizarea lucr\u0103rilor enumerate mai sus, urmeaz\u0103 reabilitarea urm\u0103toarelor obiective:<\/p>\n<ul>\n<li>Alee bloc G 2;<\/li>\n<li>Parcare IRE;<\/li>\n<li>Alee bloc E 1, E 2;<\/li>\n<li>Parcare bloc G 14;<\/li>\n<li>Parcare Strada Tineretului;<\/li>\n<li>Amenajare parcare Strada Jiului;<\/li>\n<li>Continuare reabilitare Aleea Deta\u015fa\u0163i &#8211; Strada P\u0103cii;<\/li>\n<li>Amenajare trotuare \u015fi parc\u0103ri Strada Prieteniei \u015fi Strada Florilor<\/li>\n<\/ul>\n","protected":false},"excerpt":{"rendered":"<p>Prim\u0103ria ora\u015fului Rovinari a \u00eenceput reabilitarea mai multor str\u0103zi \u015fi alei din ora\u015f, dar \u015fi crearea mai multor locuri de parcare. Locurile de parcare au devenit o problem\u0103 cu care se confrunt\u0103 locuitorii din Rovinari datorit\u0103 cre\u015fterii num\u0103rului de autovehicule \u00eenmatriculate. Pentru a rezolva aceast\u0103 problem\u0103, cu care se confrunt\u0103 comunitatea, prim\u0103ria a \u00eenceput amenajarea [&hellip;]<\/p>\n","protected":false},"author":1001008,"featured_media":0,"comment_status":"open","ping_status":"open","sticky":false,"template":"","format":"standard","meta":{"ngg_post_thumbnail":0,"footnotes":""},"categories":[8],"tags":[221,220,42,112,222],"class_list":["post-1526","post","type-post","status-publish","format-standard","hentry","category-proiecte","tag-alei","tag-parcari","tag-reabilitari","tag-scoli","tag-strazi"],"_links":{"self":[{"href":"https:\/\/primariarovinari.ro\/old\/wp-json\/wp\/v2\/posts\/1526","targetHints":{"allow":["GET"]}}],"collection":[{"href":"https:\/\/primariarovinari.ro\/old\/wp-json\/wp\/v2\/posts"}],"about":[{"href":"https:\/\/primariarovinari.ro\/old\/wp-json\/wp\/v2\/types\/post"}],"author":[{"embeddable":true,"href":"https:\/\/primariarovinari.ro\/old\/wp-json\/wp\/v2\/users\/1001008"}],"replies":[{"embeddable":true,"href":"https:\/\/primariarovinari.ro\/old\/wp-json\/wp\/v2\/comments?post=1526"}],"version-history":[{"count":0,"href":"https:\/\/primariarovinari.ro\/old\/wp-json\/wp\/v2\/posts\/1526\/revisions"}],"wp:attachment":[{"href":"https:\/\/primariarovinari.ro\/old\/wp-json\/wp\/v2\/media?parent=1526"}],"wp:term":[{"taxonomy":"category","embeddable":true,"href":"https:\/\/primariarovinari.ro\/old\/wp-json\/wp\/v2\/categories?post=1526"},{"taxonomy":"post_tag","embeddable":true,"href":"https:\/\/primariarovinari.ro\/old\/wp-json\/wp\/v2\/tags?post=1526"}],"curies":[{"name":"wp","href":"https:\/\/api.w.org\/{rel}","templated":true}]}}