{"id":15187,"date":"2019-04-18T10:54:39","date_gmt":"2019-04-18T07:54:39","guid":{"rendered":"https:\/\/www.primariarovinari.ro\/?p=15187"},"modified":"2019-04-18T10:54:39","modified_gmt":"2019-04-18T07:54:39","slug":"sarbatori-pascale-in-siguranta","status":"publish","type":"post","link":"https:\/\/primariarovinari.ro\/old\/2019\/04\/sarbatori-pascale-in-siguranta\/","title":{"rendered":"S\u0103rb\u0103tori pascale \u00een siguran\u021b\u0103"},"content":{"rendered":"<p>Sf\u00e2nta S\u0103rb\u0103toare a \u00cenvierii Domnului este considerat\u0103 cea mai mare s\u0103rb\u0103toare cre\u0219tin\u0103, iar cu aceast\u0103 ocazie, credincio\u0219ii se \u00een dreapt\u0103 \u00een num\u0103r foarte mare spre biserici \u0219i m\u0103n\u0103stiri.&nbsp;Pentru ca bucuria S\u0103rb\u0103torilor Pascale s\u0103 nu fie umbrit\u0103 de evenimente neprev\u0103zute \u015fi nedorite, Prim\u0103ria ora\u0219ului Rovinari&nbsp; vine cu o serie de recomand\u0103ri adresate at\u00e2t personalului l\u0103ca\u015furilor de cult c\u00e2t \u015fi credincio\u015filor. Astfel, cet\u0103\u021benii care vor participa la slujbele religioase, trebuie s\u0103 respecte o serie de m\u0103suri de ap\u0103rare \u00eempotriva incendiilor. Mai multe detalii pute\u021bi ob\u021bine acces\u00e2nd urm\u0103torul link:<\/p>\n<p><a href=\"https:\/\/www.primariarovinari.ro\/wp-content\/uploads\/2019\/04\/M\u0103suri-\u00eempotriva-\u00eencendiilor.pdf\">M\u0103suri \u00eempotriva \u00eencendiilor<\/a><\/p>\n<p><img loading=\"lazy\" decoding=\"async\" class=\"wp-image-15190 aligncenter\" src=\"https:\/\/www.primariarovinari.ro\/wp-content\/uploads\/2019\/04\/inviereeee-168x112.jpg\" alt=\"\" width=\"687\" height=\"458\" srcset=\"https:\/\/primariarovinari.ro\/old\/wp-content\/uploads\/2019\/04\/inviereeee-168x112.jpg 168w, https:\/\/primariarovinari.ro\/old\/wp-content\/uploads\/2019\/04\/inviereeee.jpg 680w\" sizes=\"auto, (max-width: 687px) 100vw, 687px\" \/><\/p>\n","protected":false},"excerpt":{"rendered":"<p>Sf\u00e2nta S\u0103rb\u0103toare a \u00cenvierii Domnului este considerat\u0103 cea mai mare s\u0103rb\u0103toare cre\u0219tin\u0103, iar cu aceast\u0103 ocazie, credincio\u0219ii se \u00een dreapt\u0103 \u00een num\u0103r foarte mare spre biserici \u0219i m\u0103n\u0103stiri.&nbsp;Pentru ca bucuria S\u0103rb\u0103torilor Pascale s\u0103 nu fie umbrit\u0103 de evenimente neprev\u0103zute \u015fi nedorite, Prim\u0103ria ora\u0219ului Rovinari&nbsp; vine cu o serie de recomand\u0103ri adresate at\u00e2t personalului l\u0103ca\u015furilor de [&hellip;]<\/p>\n","protected":false},"author":1001008,"featured_media":0,"comment_status":"open","ping_status":"open","sticky":false,"template":"","format":"standard","meta":{"ngg_post_thumbnail":0,"footnotes":""},"categories":[151],"tags":[],"class_list":["post-15187","post","type-post","status-publish","format-standard","hentry","category-informatii-publice"],"_links":{"self":[{"href":"https:\/\/primariarovinari.ro\/old\/wp-json\/wp\/v2\/posts\/15187","targetHints":{"allow":["GET"]}}],"collection":[{"href":"https:\/\/primariarovinari.ro\/old\/wp-json\/wp\/v2\/posts"}],"about":[{"href":"https:\/\/primariarovinari.ro\/old\/wp-json\/wp\/v2\/types\/post"}],"author":[{"embeddable":true,"href":"https:\/\/primariarovinari.ro\/old\/wp-json\/wp\/v2\/users\/1001008"}],"replies":[{"embeddable":true,"href":"https:\/\/primariarovinari.ro\/old\/wp-json\/wp\/v2\/comments?post=15187"}],"version-history":[{"count":0,"href":"https:\/\/primariarovinari.ro\/old\/wp-json\/wp\/v2\/posts\/15187\/revisions"}],"wp:attachment":[{"href":"https:\/\/primariarovinari.ro\/old\/wp-json\/wp\/v2\/media?parent=15187"}],"wp:term":[{"taxonomy":"category","embeddable":true,"href":"https:\/\/primariarovinari.ro\/old\/wp-json\/wp\/v2\/categories?post=15187"},{"taxonomy":"post_tag","embeddable":true,"href":"https:\/\/primariarovinari.ro\/old\/wp-json\/wp\/v2\/tags?post=15187"}],"curies":[{"name":"wp","href":"https:\/\/api.w.org\/{rel}","templated":true}]}}