{"id":15126,"date":"2019-03-20T09:53:37","date_gmt":"2019-03-20T06:53:37","guid":{"rendered":"https:\/\/www.primariarovinari.ro\/?p=15126"},"modified":"2019-03-20T09:53:37","modified_gmt":"2019-03-20T06:53:37","slug":"termenul-de-plata-pentru-taxele-si-impozitele-locale-a-fost-prelungit-pana-pe-1-aprilie","status":"publish","type":"post","link":"https:\/\/primariarovinari.ro\/old\/2019\/03\/termenul-de-plata-pentru-taxele-si-impozitele-locale-a-fost-prelungit-pana-pe-1-aprilie\/","title":{"rendered":"Termenul de plat\u0103 pentru taxele \u0219i impozitele locale a fost prelungit p\u00e2n\u0103 pe 1 aprilie"},"content":{"rendered":"<p>Av\u00e2nd \u00een vedere faptul c\u0103 data de 31 martie este zi nelucr\u0103toare, Prim\u0103ria Rovinari anun\u021b\u0103 contribuabilii persoanele fizice \u0219i juridice c\u0103 scaden\u021ba termenului de plat\u0103 pentru impozite \u0219i taxe locale s-a prelungit&nbsp; p\u00e2n\u0103 pe data 1 aprilie 2019, inclusiv. Astfel, cet\u0103\u021benii care efectueaz\u0103 plata integral\u0103 a impozitului pe cl\u0103diri, terenuri \u0219i mijloace de transport pe anul 2019 p\u00e2n\u0103 pe 1 aprilie 2019 inclusiv, beneficiaz\u0103 de bonifica\u021bie de 10%. Plata obliga\u021biilor fiscale o pute\u021bi efectua la casieria Prim\u0103riei sau online, pe www.ghi\u0219eul.ro.&nbsp;<\/p>\n<p><img loading=\"lazy\" decoding=\"async\" class=\"wp-image-15127 aligncenter\" src=\"https:\/\/www.primariarovinari.ro\/wp-content\/uploads\/2019\/03\/taxeeee-168x112.jpg\" alt=\"\" width=\"606\" height=\"404\" srcset=\"https:\/\/primariarovinari.ro\/old\/wp-content\/uploads\/2019\/03\/taxeeee-168x112.jpg 168w, https:\/\/primariarovinari.ro\/old\/wp-content\/uploads\/2019\/03\/taxeeee-768x512.jpg 768w, https:\/\/primariarovinari.ro\/old\/wp-content\/uploads\/2019\/03\/taxeeee.jpg 1024w\" sizes=\"auto, (max-width: 606px) 100vw, 606px\" \/><\/p>\n","protected":false},"excerpt":{"rendered":"<p>Av\u00e2nd \u00een vedere faptul c\u0103 data de 31 martie este zi nelucr\u0103toare, Prim\u0103ria Rovinari anun\u021b\u0103 contribuabilii persoanele fizice \u0219i juridice c\u0103 scaden\u021ba termenului de plat\u0103 pentru impozite \u0219i taxe locale s-a prelungit&nbsp; p\u00e2n\u0103 pe data 1 aprilie 2019, inclusiv. Astfel, cet\u0103\u021benii care efectueaz\u0103 plata integral\u0103 a impozitului pe cl\u0103diri, terenuri \u0219i mijloace de transport pe [&hellip;]<\/p>\n","protected":false},"author":1001008,"featured_media":0,"comment_status":"open","ping_status":"open","sticky":false,"template":"","format":"standard","meta":{"ngg_post_thumbnail":0,"footnotes":""},"categories":[151],"tags":[],"class_list":["post-15126","post","type-post","status-publish","format-standard","hentry","category-informatii-publice"],"_links":{"self":[{"href":"https:\/\/primariarovinari.ro\/old\/wp-json\/wp\/v2\/posts\/15126","targetHints":{"allow":["GET"]}}],"collection":[{"href":"https:\/\/primariarovinari.ro\/old\/wp-json\/wp\/v2\/posts"}],"about":[{"href":"https:\/\/primariarovinari.ro\/old\/wp-json\/wp\/v2\/types\/post"}],"author":[{"embeddable":true,"href":"https:\/\/primariarovinari.ro\/old\/wp-json\/wp\/v2\/users\/1001008"}],"replies":[{"embeddable":true,"href":"https:\/\/primariarovinari.ro\/old\/wp-json\/wp\/v2\/comments?post=15126"}],"version-history":[{"count":0,"href":"https:\/\/primariarovinari.ro\/old\/wp-json\/wp\/v2\/posts\/15126\/revisions"}],"wp:attachment":[{"href":"https:\/\/primariarovinari.ro\/old\/wp-json\/wp\/v2\/media?parent=15126"}],"wp:term":[{"taxonomy":"category","embeddable":true,"href":"https:\/\/primariarovinari.ro\/old\/wp-json\/wp\/v2\/categories?post=15126"},{"taxonomy":"post_tag","embeddable":true,"href":"https:\/\/primariarovinari.ro\/old\/wp-json\/wp\/v2\/tags?post=15126"}],"curies":[{"name":"wp","href":"https:\/\/api.w.org\/{rel}","templated":true}]}}